{"id":10843,"date":"2026-04-29T15:36:25","date_gmt":"2026-04-29T13:36:25","guid":{"rendered":"https:\/\/www.karaoketexty.cz\/magazin\/?p=10843"},"modified":"2026-04-29T15:36:25","modified_gmt":"2026-04-29T13:36:25","slug":"navrat-na-ktery-se-cekalo-roky-dabel-nosi-pradu-2-miri-do-kin-a-fanousci-uz-ted-sili","status":"publish","type":"post","link":"https:\/\/www.karaoketexty.cz\/magazin\/navrat-na-ktery-se-cekalo-roky-dabel-nosi-pradu-2-miri-do-kin-a-fanousci-uz-ted-sili\/","title":{"rendered":"N\u00e1vrat, na kter\u00fd se \u010dekalo roky: \u010e\u00e1bel nos\u00ed Pradu 2 m\u00ed\u0159\u00ed do kin a fanou\u0161ci u\u017e te\u010f \u0161\u00edl\u00ed"},"content":{"rendered":"\n<p><strong>Jsou filmov\u00e9 n\u00e1vraty, kter\u00e9 jen roz\u0161\u00ed\u0159\u00ed zn\u00e1mou zna\u010dku. A pak jsou ty, kter\u00e9 okam\u017eit\u011b probud\u00ed nostalgii, zv\u011bdavost i lehk\u00e9 nap\u011bt\u00ed. \u010e\u00e1bel nos\u00ed Pradu 2 pat\u0159\u00ed p\u0159esn\u011b do t\u00e9 druh\u00e9 kategorie. Dnes ve\u010der vstupuje do \u010desk\u00fdch kin a u\u017e te\u010f je jasn\u00e9, \u017ee nejde o oby\u010dejn\u00e9 pokra\u010dov\u00e1n\u00ed.<\/strong><\/p>\n\n\n\n<p><strong>Jak jsme v redakci zaznamenali, o\u010dek\u00e1v\u00e1n\u00ed kolem n\u00e1vratu do sv\u011bta magaz\u00ednu Runway se p\u0159elilo i mimo kina. Westfield Chodov se v uplynul\u00fdch dnech prom\u011bnil v m\u00edsto, kde se protnul film, m\u00f3da i celebrity. A pr\u00e1v\u011b to ukazuje, pro\u010d tenhle titul po\u0159\u00e1d funguje i po letech.<\/strong><\/p>\n\n\n<!-- karaoketexty.cz \/ rectangle2 -->\n<div id=\"PX_37086_709110796310826\"><\/div>\n<script>\n   if(!useMobileAds && !boolUseSeznamAds && !hideAllAds){\n     window.px2 = window.px2 || { conf: {},queue: [] };\n     px2.queue.push(function () {\n        px2.render({\n           slot: {\n              id: 37086\n           },\n            elem: \"PX_37086_709110796310826\"\n        })\n     });\n  }\n<\/script>\n\n<!-- karaoketexty.cz \/ mobile-rectangle3 -->\n<div id=\"PX_37044_714599773297004\"><\/div>\n<script>\n   if(useMobileAds && !boolUseSeznamAds && !hideAllAds){\nwindow.px2 = window.px2 || { conf: {},queue: [] };\npx2.queue.push(function () {\n\tpx2.render({\n\t\tslot: {\n\t\t\tid: 37044\n\t\t},\n\t\telem: \"PX_37044_714599773297004\"\n\t})\n});\n}\n<\/script>\n\n\n<h2 class=\"wp-block-heading\">P\u0159ed premi\u00e9rou u\u017e bylo ru\u0161no<\/h2>\n\n\n\n<p>P\u0159edpremi\u00e9ra filmu se ve Westfield Chodov uskute\u010dnila 23. dubna a podle organiz\u00e1tor\u016f naplnila kapacitu v\u0161ech t\u0159\u00ed s\u00e1l\u016f do posledn\u00edho m\u00edsta. Dorazili z\u00e1stupci m\u00e9di\u00ed, v\u00fdherci sout\u011b\u017e\u00ed i zn\u00e1m\u00e9 tv\u00e1\u0159e z m\u00f3dy a showbyznysu. Ve\u010der si nenechali uj\u00edt nap\u0159\u00edklad Michal Zapom\u011bl, Pavl\u00edna N\u011bmcov\u00e1, Kate\u0159ina Sokolov\u00e1, Zuzana Str\u00e1sk\u00e1, Krist\u00fdna Schickov\u00e1, Aneta Vignerov\u00e1, Tatiana Kova\u0159\u00edkov\u00e1, Jan \u010cern\u00fd, Eva Perkausov\u00e1, Nikol Moravcov\u00e1 nebo Sharlota.<\/p>\n\n\n\n<p>Pozornost vzbudila i Zorka Hejdov\u00e1, kter\u00e1 podle dostupn\u00fdch informac\u00ed vid\u011bla film u\u017e den p\u0159edt\u00edm na ofici\u00e1ln\u00ed premi\u00e9\u0159e v Lond\u00fdn\u011b, a p\u0159esto dorazila znovu. To je mimochodem p\u0159esn\u011b ten detail, kter\u00fd kolem podobn\u00fdch n\u00e1vrat\u016f vytv\u00e1\u0159\u00ed spr\u00e1vnou atmosf\u00e9ru. Kdy\u017e se na jednu novinku p\u0159ijde pod\u00edvat publikum podruh\u00e9, nevypad\u00e1 to jako povinnost, ale jako ud\u00e1lost.<\/p>\n\n\n<!-- karaoketexty.cz \/ interscroller1 -->\n\n<div id=\"PX_37041_825057871452834\"><\/div>\n<script>\nif(useMobileAds && !boolUseSeznamAds && !hideAllAds){\n\twindow.px2 = window.px2 || { conf: {},queue: [] };\n\tpx2.queue.push(function () {\n\t\tpx2.render({\n\t\t\tslot: {\n\t\t\t\tid: 37041\n\t\t\t},\n\t\t\telem: \"PX_37041_825057871452834\"\n\t\t})\n\t});\n}\n<\/script>\n\n\n<h2 class=\"wp-block-heading\">Chodov vsadil na glamour z\u00e1\u017eitek<\/h2>\n\n\n\n<p>Na samotn\u00fd film ale akce nevsadila jen symbolicky. Ve dnech 24. a 25. dubna prob\u011bhl ve Westfield Chodov dvoudenn\u00ed program <strong>GLAM &amp; FASHION<\/strong>, kter\u00fd cel\u00e9 centrum prom\u011bnil v \u017eiv\u00fd fashion hub. N\u00e1v\u0161t\u011bvnice si mohly vyzkou\u0161et vlasov\u00fd styling od Dysonu, l\u00ed\u010den\u00ed od makeup artist\u016f L\u2019Or\u00e9al a velk\u00fd z\u00e1jem byl i o p\u0159edn\u00e1\u0161ky n\u00e1vrh\u00e1\u0159\u016f Luk\u00e1\u0161e Mach\u00e1\u010dka a Michaela Kov\u00e1\u010dika nebo topmodelky Denisy Dvo\u0159\u00e1kov\u00e9.<\/p>\n\n\n\n<p>Siln\u00fd ohlas m\u011blo i focen\u00ed s fotografem Arthurem Koffem, kde se podle po\u0159adatel\u016f tvo\u0159ily dlouh\u00e9 fronty. Marketingov\u00e1 mana\u017eerka Westfield Chodov Marta Barbara Keszczyk uvedla pro Cosmopolitan, \u017ee z\u00e1jem o film i doprovodn\u00fd program potvrdil o\u010dek\u00e1v\u00e1n\u00ed a n\u00e1v\u0161t\u011bvn\u00edci si mohli u\u017e\u00edt nejen projekci, ale i sv\u011bt m\u00f3dy a beauty, kter\u00fd je s filmem \u00fazce spojen\u00fd.<\/p>\n\n\n\n<h2 class=\"wp-block-heading\">Co vlastn\u011b p\u0159inese druh\u00fd d\u00edl<\/h2>\n\n\n\n<p>Podle ofici\u00e1ln\u00edch informac\u00ed studia 20th Century Studios a anotace kina CineStar se vracej\u00ed <strong>Meryl Streep, Anne Hathaway, Emily Blunt a Stanley Tucci<\/strong>. P\u0159\u00edb\u011bh se znovu odehr\u00e1v\u00e1 ve sv\u011bt\u011b vysok\u00e9 m\u00f3dy, kter\u00fd se mezit\u00edm v\u00fdrazn\u011b prom\u011bnil. Miranda Priestlyov\u00e1 m\u00e1 d\u00e1l st\u00e1t v \u010dele magaz\u00ednu Runway, tentokr\u00e1t ale \u010del\u00ed tlaku digit\u00e1ln\u00ed \u00e9ry. Andy Sachsov\u00e1 si mezit\u00edm vybudovala vlastn\u00ed kari\u00e9ru mimo redakci, jen\u017ee okolnosti ji zavedou zp\u011bt tam, kde kdysi za\u010d\u00ednala.<\/p>\n\n\n\n<p>Pr\u00e1v\u011b v tomto ohledu sequel nep\u016fsob\u00ed jako pouh\u00e9 opakov\u00e1n\u00ed star\u00e9ho hitu. Nen\u00ed to n\u00e1vrat do stejn\u00e9ho sv\u011bta, ale sp\u00ed\u0161 st\u0159et ikonick\u00fdch postav s realitou, kter\u00e1 se zm\u011bnila rychleji ne\u017e m\u00f3dn\u00ed trendy. A to je pro publikum siln\u00fd h\u00e1\u010dek.<\/p>\n\n\n\n<h2 class=\"wp-block-heading\">Pro\u010d se o tom mluv\u00ed pr\u00e1v\u011b te\u010f<\/h2>\n\n\n\n<p>Prvn\u00ed \u010e\u00e1bel nos\u00ed Pradu d\u00e1vno p\u0159erostl r\u00e1mec b\u011b\u017en\u00e9 komedie z m\u00f3dn\u00edho prost\u0159ed\u00ed. Stal se popkulturn\u00ed zna\u010dkou, kterou si lid\u00e9 spojuj\u00ed s hl\u00e1\u0161kami, stylem i kari\u00e9rn\u00edmi ambicemi. Druh\u00fd d\u00edl tak logicky t\u011b\u017e\u00ed z nostalgie, ale i z toho, \u017ee dne\u0161n\u00ed publikum \u0159e\u0161\u00ed podobn\u00e1 t\u00e9mata jinak ne\u017e p\u0159ed dvaceti lety: moc, image, tlak v\u00fdkonu i prom\u011bnu m\u00e9di\u00ed.<\/p>\n\n\n\n<p>Ofici\u00e1ln\u00ed \u010desk\u00e1 premi\u00e9ra p\u0159ipad\u00e1 na st\u0159edu 29. dubna, p\u0159edpremi\u00e9rov\u00e9 projekce u\u017e mezit\u00edm avizovalo i Kino Sv\u011btozor. Podle Disney \u010cesko jde o jeden z nejo\u010dek\u00e1van\u011bj\u0161\u00edch film\u016f nejbli\u017e\u0161\u00ed doby a dosavadn\u00ed d\u011bn\u00ed kolem premi\u00e9ry nazna\u010duje, \u017ee to nen\u00ed nads\u00e1zka.<\/p>\n\n\n\n<p>Je radost vid\u011bt, kdy\u017e se n\u00e1vrat slavn\u00e9 zna\u010dky nezastav\u00ed jen u plak\u00e1tu a traileru. <strong>\u010e\u00e1bel nos\u00ed Pradu 2<\/strong> vstupuje do kin jako film, ale kolem sebe u\u017e vytvo\u0159il mnohem v\u011bt\u0161\u00ed moment. A te\u010f bude zaj\u00edmav\u00e9 sledovat jedin\u00e9: jestli se z nostalgick\u00e9ho comebacku stane i nov\u00fd popkulturn\u00ed hit.<\/p>\n\n\n\n<div class=\"zdroje\"><h2>Zdroje<\/h2><ul><li><a href=\"https:\/\/www.disney.cz\/filmy\/dabel-nosi-pradu-2\" target=\"_blank\" rel=\"nofollow\">Disney \u010cesko \u2013 ofici\u00e1ln\u00ed str\u00e1nka filmu \u010e\u00e1bel nos\u00ed Pradu 2 s obsazen\u00edm a trailery<\/a><\/li><li><a href=\"https:\/\/cosmopolitan.cz\/explore\/premiera-dabel-nosi-pradu-2-se-blizi-zazijte-atmosferu-filmu-o-tyden-driv\/\" target=\"_blank\" rel=\"nofollow\">Westfield Chodov \/ Cosmopolitan \u2013 informace o doprovodn\u00e9m programu Glam &amp; Fashion a vyj\u00e1d\u0159en\u00ed marketingov\u00e9 mana\u017eerky Marty Barbary Keszczyk<\/a><\/li><li><a href=\"https:\/\/cinestar.cz\/cz\/praha5\/filmy\/movie\/10098-dabel-nosi-pradu-2\" target=\"_blank\" rel=\"nofollow\">CineStar \u2013 anotace filmu \u010e\u00e1bel nos\u00ed Pradu 2<\/a><\/li><li><a href=\"https:\/\/www.kinosvetozor.cz\/filmy\/katalog\/dabel-nosi-pradu-2\" target=\"_blank\" rel=\"nofollow\">Kino Sv\u011btozor \u2013 informace o p\u0159edpremi\u00e9rov\u00fdch projekc\u00edch filmu<\/a><\/li><li><a href=\"https:\/\/cs.wikipedia.org\/wiki\/%C4%8E%C3%A1bel_nos%C3%AD_Pradu_2\" target=\"_blank\" rel=\"nofollow\">Wikipedie \u2013 z\u00e1kladn\u00ed \u00fadaje o filmu a term\u00ednech premi\u00e9ry<\/a><\/li><\/ul><\/div>\n\n\n            <a href=\"https:\/\/www.karaoketexty.cz\/magazin\/michael-jackson-se-vraci-ve-filmu-hraje-ho-vlastni-synovec\/\" class=\"related-post-link\">\n                <div class=\"post-thumbnail\">\n                    <img decoding=\"async\" width=\"250\" height=\"171\" src=\"https:\/\/www.karaoketexty.cz\/magazin\/wp-content\/uploads\/2026\/02\/Film-o-Michaelu-Jacksonovi-cernobila-fotka.jpg\" class=\"attachment-250x180 size-250x180 not-transparent\" alt=\"Obr\u00e1zek k \u010dl\u00e1nku: Film o Michaelu Jacksonovi se bl\u00ed\u017e\u00ed\" srcset=\"https:\/\/www.karaoketexty.cz\/magazin\/wp-content\/uploads\/2026\/02\/Film-o-Michaelu-Jacksonovi-cernobila-fotka.jpg 1200w, https:\/\/www.karaoketexty.cz\/magazin\/wp-content\/uploads\/2026\/02\/Film-o-Michaelu-Jacksonovi-cernobila-fotka-300x205.jpg 300w, https:\/\/www.karaoketexty.cz\/magazin\/wp-content\/uploads\/2026\/02\/Film-o-Michaelu-Jacksonovi-cernobila-fotka-1024x700.jpg 1024w, https:\/\/www.karaoketexty.cz\/magazin\/wp-content\/uploads\/2026\/02\/Film-o-Michaelu-Jacksonovi-cernobila-fotka-768x525.jpg 768w\" sizes=\"(max-width: 250px) 100vw, 250px\" data-has-transparency=\"false\" data-dominant-color=\"616161\" style=\"--dominant-color: #616161;\" \/>                <\/div>\n                <div class=\"post-details\">\n                    <span class=\"also-read\">\u010ct\u011bte tak\u00e9:<\/span>\n                    <h3 class=\"hed\">Michael Jackson se vrac\u00ed ve filmu: Hraje ho vlastn\u00ed synovec<\/h3>\n                <\/div>\n            <\/a>\n            \n\n            <a href=\"https:\/\/www.karaoketexty.cz\/magazin\/langmajer-znovu-jako-hrouzek-serial-lajna-miri-do-kin-po-vzoru-vysehradu-s-lavim\/\" class=\"related-post-link\">\n                <div class=\"post-thumbnail\">\n                    <img decoding=\"async\" width=\"250\" height=\"148\" src=\"https:\/\/www.karaoketexty.cz\/magazin\/wp-content\/uploads\/2026\/02\/jiri-langmajer.jpg\" class=\"attachment-250x180 size-250x180 not-transparent\" alt=\"Fotografie Ji\u0159\u00edho Langmajera\" srcset=\"https:\/\/www.karaoketexty.cz\/magazin\/wp-content\/uploads\/2026\/02\/jiri-langmajer.jpg 1200w, https:\/\/www.karaoketexty.cz\/magazin\/wp-content\/uploads\/2026\/02\/jiri-langmajer-300x178.jpg 300w, https:\/\/www.karaoketexty.cz\/magazin\/wp-content\/uploads\/2026\/02\/jiri-langmajer-1024x606.jpg 1024w, https:\/\/www.karaoketexty.cz\/magazin\/wp-content\/uploads\/2026\/02\/jiri-langmajer-768x454.jpg 768w\" sizes=\"(max-width: 250px) 100vw, 250px\" data-has-transparency=\"false\" data-dominant-color=\"463d38\" style=\"--dominant-color: #463d38;\" \/>                <\/div>\n                <div class=\"post-details\">\n                    <span class=\"also-read\">\u010ct\u011bte tak\u00e9:<\/span>\n                    <h3 class=\"hed\">Langmajer znovu jako Hrouzek: Seri\u00e1l Lajna m\u00ed\u0159\u00ed do kin po vzoru Vy\u0161ehradu s Lavim<\/h3>\n                <\/div>\n            <\/a>\n            ","protected":false},"excerpt":{"rendered":"<p>Pokra\u010dov\u00e1n\u00ed filmu \u010e\u00e1bel nos\u00ed Pradu 2 jde dnes ve\u010der do kin a o\u010dek\u00e1v\u00e1n\u00ed jsou obrovsk\u00e1. Westfield Chodov mezit\u00edm prom\u011bnil premi\u00e9ru i doprovodn\u00fd program v jednu z nejv\u00fdrazn\u011bj\u0161\u00edch popkulturn\u00edch akc\u00ed sezony.<\/p>\n","protected":false},"author":4,"featured_media":10845,"comment_status":"open","ping_status":"closed","sticky":false,"template":"","format":"standard","meta":{"_yoast_wpseo_title":"Premi\u00e9ra \u010e\u00e1bel nos\u00ed Pradu 2","_yoast_wpseo_metadesc":"Pokra\u010dov\u00e1n\u00ed kultovn\u00edho filmu \u010e\u00e1bel nos\u00ed Pradu 2 vstupuje do kin. Westfield Chodov u\u017e hostil p\u0159edpremi\u00e9ru i dvoudenn\u00ed fashion program.","footnotes":""},"categories":[7],"tags":[7457,4186,4190,223,3290,4189,274,846,7459,7460,4191,7458],"class_list":["post-10843","post","type-post","status-publish","format-standard","has-post-thumbnail","hentry","category-aktuality","tag-anne-hathaway","tag-dabel-nosi-pradu","tag-emily-blunt","tag-film","tag-glamour","tag-meryl-streep","tag-moda","tag-nostalgie","tag-popkulturni-akce","tag-sequel","tag-stanley-tucci","tag-westfield-chodov"],"yoast_head":"<!-- This site is optimized with the Yoast SEO plugin v27.4 - https:\/\/yoast.com\/product\/yoast-seo-wordpress\/ -->\n<title>Premi\u00e9ra \u010e\u00e1bel nos\u00ed Pradu 2<\/title>\n<meta name=\"description\" content=\"Pokra\u010dov\u00e1n\u00ed kultovn\u00edho filmu \u010e\u00e1bel nos\u00ed Pradu 2 vstupuje do kin. Westfield Chodov u\u017e hostil p\u0159edpremi\u00e9ru i dvoudenn\u00ed fashion program.\" \/>\n<meta name=\"robots\" content=\"index, follow, max-snippet:-1, max-image-preview:large, max-video-preview:-1\" \/>\n<link rel=\"canonical\" href=\"https:\/\/www.karaoketexty.cz\/magazin\/navrat-na-ktery-se-cekalo-roky-dabel-nosi-pradu-2-miri-do-kin-a-fanousci-uz-ted-sili\/\" \/>\n<meta property=\"og:locale\" content=\"cs_CZ\" \/>\n<meta property=\"og:type\" content=\"article\" \/>\n<meta property=\"og:title\" content=\"Premi\u00e9ra \u010e\u00e1bel nos\u00ed Pradu 2\" \/>\n<meta property=\"og:description\" content=\"Pokra\u010dov\u00e1n\u00ed kultovn\u00edho filmu \u010e\u00e1bel nos\u00ed Pradu 2 vstupuje do kin. Westfield Chodov u\u017e hostil p\u0159edpremi\u00e9ru i dvoudenn\u00ed fashion program.\" \/>\n<meta property=\"og:url\" content=\"https:\/\/www.karaoketexty.cz\/magazin\/navrat-na-ktery-se-cekalo-roky-dabel-nosi-pradu-2-miri-do-kin-a-fanousci-uz-ted-sili\/\" \/>\n<meta property=\"og:site_name\" content=\"Stars Magaz\u00edn Karaoketexty.cz\" \/>\n<meta property=\"article:published_time\" content=\"2026-04-29T13:36:25+00:00\" \/>\n<meta property=\"og:image\" content=\"https:\/\/www.karaoketexty.cz\/magazin\/wp-content\/uploads\/2026\/04\/premiera.jpg\" \/>\n\t<meta property=\"og:image:width\" content=\"2048\" \/>\n\t<meta property=\"og:image:height\" content=\"1365\" \/>\n\t<meta property=\"og:image:type\" content=\"image\/jpeg\" \/>\n<meta name=\"author\" content=\"Barbora Kop\u0159ivov\u00e1\" \/>\n<meta name=\"twitter:card\" content=\"summary_large_image\" \/>\n<meta name=\"twitter:label1\" content=\"Napsal(a)\" \/>\n\t<meta name=\"twitter:data1\" content=\"Barbora Kop\u0159ivov\u00e1\" \/>\n\t<meta name=\"twitter:label2\" content=\"Odhadovan\u00e1 doba \u010dten\u00ed\" \/>\n\t<meta name=\"twitter:data2\" content=\"4 minuty\" \/>\n<script type=\"application\/ld+json\" class=\"yoast-schema-graph\">{\"@context\":\"https:\\\/\\\/schema.org\",\"@graph\":[{\"@type\":\"Article\",\"@id\":\"https:\\\/\\\/www.karaoketexty.cz\\\/magazin\\\/navrat-na-ktery-se-cekalo-roky-dabel-nosi-pradu-2-miri-do-kin-a-fanousci-uz-ted-sili\\\/#article\",\"isPartOf\":{\"@id\":\"https:\\\/\\\/www.karaoketexty.cz\\\/magazin\\\/navrat-na-ktery-se-cekalo-roky-dabel-nosi-pradu-2-miri-do-kin-a-fanousci-uz-ted-sili\\\/\"},\"author\":{\"name\":\"Barbora Kop\u0159ivov\u00e1\",\"@id\":\"https:\\\/\\\/www.karaoketexty.cz\\\/magazin\\\/#\\\/schema\\\/person\\\/37c0164a04038267c8a56ad6d60df749\"},\"headline\":\"N\u00e1vrat, na kter\u00fd se \u010dekalo roky: \u010e\u00e1bel nos\u00ed Pradu 2 m\u00ed\u0159\u00ed do kin a fanou\u0161ci u\u017e te\u010f \u0161\u00edl\u00ed\",\"datePublished\":\"2026-04-29T13:36:25+00:00\",\"mainEntityOfPage\":{\"@id\":\"https:\\\/\\\/www.karaoketexty.cz\\\/magazin\\\/navrat-na-ktery-se-cekalo-roky-dabel-nosi-pradu-2-miri-do-kin-a-fanousci-uz-ted-sili\\\/\"},\"wordCount\":841,\"commentCount\":0,\"image\":{\"@id\":\"https:\\\/\\\/www.karaoketexty.cz\\\/magazin\\\/navrat-na-ktery-se-cekalo-roky-dabel-nosi-pradu-2-miri-do-kin-a-fanousci-uz-ted-sili\\\/#primaryimage\"},\"thumbnailUrl\":\"https:\\\/\\\/www.karaoketexty.cz\\\/magazin\\\/wp-content\\\/uploads\\\/2026\\\/04\\\/premiera.jpg\",\"keywords\":[\"Anne Hathaway\",\"\u010e\u00e1bel nos\u00ed Pradu\",\"Emily Blunt\",\"Film\",\"Glamour\",\"Meryl Streep\",\"M\u00f3da\",\"nostalgie\",\"popkulturn\u00ed akce\",\"sequel\",\"Stanley Tucci\",\"Westfield Chodov\"],\"articleSection\":[\"Aktuality\"],\"inLanguage\":\"cs\",\"potentialAction\":[{\"@type\":\"CommentAction\",\"name\":\"Comment\",\"target\":[\"https:\\\/\\\/www.karaoketexty.cz\\\/magazin\\\/navrat-na-ktery-se-cekalo-roky-dabel-nosi-pradu-2-miri-do-kin-a-fanousci-uz-ted-sili\\\/#respond\"]}]},{\"@type\":\"WebPage\",\"@id\":\"https:\\\/\\\/www.karaoketexty.cz\\\/magazin\\\/navrat-na-ktery-se-cekalo-roky-dabel-nosi-pradu-2-miri-do-kin-a-fanousci-uz-ted-sili\\\/\",\"url\":\"https:\\\/\\\/www.karaoketexty.cz\\\/magazin\\\/navrat-na-ktery-se-cekalo-roky-dabel-nosi-pradu-2-miri-do-kin-a-fanousci-uz-ted-sili\\\/\",\"name\":\"Premi\u00e9ra \u010e\u00e1bel nos\u00ed Pradu 2\",\"isPartOf\":{\"@id\":\"https:\\\/\\\/www.karaoketexty.cz\\\/magazin\\\/#website\"},\"primaryImageOfPage\":{\"@id\":\"https:\\\/\\\/www.karaoketexty.cz\\\/magazin\\\/navrat-na-ktery-se-cekalo-roky-dabel-nosi-pradu-2-miri-do-kin-a-fanousci-uz-ted-sili\\\/#primaryimage\"},\"image\":{\"@id\":\"https:\\\/\\\/www.karaoketexty.cz\\\/magazin\\\/navrat-na-ktery-se-cekalo-roky-dabel-nosi-pradu-2-miri-do-kin-a-fanousci-uz-ted-sili\\\/#primaryimage\"},\"thumbnailUrl\":\"https:\\\/\\\/www.karaoketexty.cz\\\/magazin\\\/wp-content\\\/uploads\\\/2026\\\/04\\\/premiera.jpg\",\"datePublished\":\"2026-04-29T13:36:25+00:00\",\"author\":{\"@id\":\"https:\\\/\\\/www.karaoketexty.cz\\\/magazin\\\/#\\\/schema\\\/person\\\/37c0164a04038267c8a56ad6d60df749\"},\"description\":\"Pokra\u010dov\u00e1n\u00ed kultovn\u00edho filmu \u010e\u00e1bel nos\u00ed Pradu 2 vstupuje do kin. Westfield Chodov u\u017e hostil p\u0159edpremi\u00e9ru i dvoudenn\u00ed fashion program.\",\"breadcrumb\":{\"@id\":\"https:\\\/\\\/www.karaoketexty.cz\\\/magazin\\\/navrat-na-ktery-se-cekalo-roky-dabel-nosi-pradu-2-miri-do-kin-a-fanousci-uz-ted-sili\\\/#breadcrumb\"},\"inLanguage\":\"cs\",\"potentialAction\":[{\"@type\":\"ReadAction\",\"target\":[\"https:\\\/\\\/www.karaoketexty.cz\\\/magazin\\\/navrat-na-ktery-se-cekalo-roky-dabel-nosi-pradu-2-miri-do-kin-a-fanousci-uz-ted-sili\\\/\"]}]},{\"@type\":\"ImageObject\",\"inLanguage\":\"cs\",\"@id\":\"https:\\\/\\\/www.karaoketexty.cz\\\/magazin\\\/navrat-na-ktery-se-cekalo-roky-dabel-nosi-pradu-2-miri-do-kin-a-fanousci-uz-ted-sili\\\/#primaryimage\",\"url\":\"https:\\\/\\\/www.karaoketexty.cz\\\/magazin\\\/wp-content\\\/uploads\\\/2026\\\/04\\\/premiera.jpg\",\"contentUrl\":\"https:\\\/\\\/www.karaoketexty.cz\\\/magazin\\\/wp-content\\\/uploads\\\/2026\\\/04\\\/premiera.jpg\",\"width\":2048,\"height\":1365,\"caption\":\"Foto: Ofici\u00e1ln\u00ed foto premi\u00e9ry filmu \u010e\u00e1bel nos\u00ed Pradu 2\"},{\"@type\":\"BreadcrumbList\",\"@id\":\"https:\\\/\\\/www.karaoketexty.cz\\\/magazin\\\/navrat-na-ktery-se-cekalo-roky-dabel-nosi-pradu-2-miri-do-kin-a-fanousci-uz-ted-sili\\\/#breadcrumb\",\"itemListElement\":[{\"@type\":\"ListItem\",\"position\":1,\"name\":\"Dom\u016f\",\"item\":\"https:\\\/\\\/www.karaoketexty.cz\\\/magazin\\\/\"},{\"@type\":\"ListItem\",\"position\":2,\"name\":\"N\u00e1vrat, na kter\u00fd se \u010dekalo roky: \u010e\u00e1bel nos\u00ed Pradu 2 m\u00ed\u0159\u00ed do kin a fanou\u0161ci u\u017e te\u010f \u0161\u00edl\u00ed\"}]},{\"@type\":\"WebSite\",\"@id\":\"https:\\\/\\\/www.karaoketexty.cz\\\/magazin\\\/#website\",\"url\":\"https:\\\/\\\/www.karaoketexty.cz\\\/magazin\\\/\",\"name\":\"Stars Magaz\u00edn Karaoketexty.cz\",\"description\":\"Stars Magaz\u00edn na Karaoketexty.cz je zam\u011b\u0159en\u00fd na novinky ze sv\u011bta hudby a celebrit. Obsahuje \u010dl\u00e1nky o zp\u011bv\u00e1c\u00edch, kapel\u00e1ch, nov\u00fdch albech, hudebn\u00edch trendech a dal\u0161\u00edch zaj\u00edmavostech z hudebn\u00edho pr\u016fmyslu.\",\"potentialAction\":[{\"@type\":\"SearchAction\",\"target\":{\"@type\":\"EntryPoint\",\"urlTemplate\":\"https:\\\/\\\/www.karaoketexty.cz\\\/magazin\\\/?s={search_term_string}\"},\"query-input\":{\"@type\":\"PropertyValueSpecification\",\"valueRequired\":true,\"valueName\":\"search_term_string\"}}],\"inLanguage\":\"cs\"},{\"@type\":\"Person\",\"@id\":\"https:\\\/\\\/www.karaoketexty.cz\\\/magazin\\\/#\\\/schema\\\/person\\\/37c0164a04038267c8a56ad6d60df749\",\"name\":\"Barbora Kop\u0159ivov\u00e1\",\"image\":{\"@type\":\"ImageObject\",\"inLanguage\":\"cs\",\"@id\":\"https:\\\/\\\/secure.gravatar.com\\\/avatar\\\/ad2ef9810228386d580851ef4bdde76abaa96054ff5b068c8873bc91afb2df84?s=96&d=mm&r=g\",\"url\":\"https:\\\/\\\/secure.gravatar.com\\\/avatar\\\/ad2ef9810228386d580851ef4bdde76abaa96054ff5b068c8873bc91afb2df84?s=96&d=mm&r=g\",\"contentUrl\":\"https:\\\/\\\/secure.gravatar.com\\\/avatar\\\/ad2ef9810228386d580851ef4bdde76abaa96054ff5b068c8873bc91afb2df84?s=96&d=mm&r=g\",\"caption\":\"Barbora Kop\u0159ivov\u00e1\"},\"url\":\"https:\\\/\\\/www.karaoketexty.cz\\\/magazin\\\/author\\\/barborakoprivova\\\/\"}]}<\/script>\n<!-- \/ Yoast SEO plugin. -->","yoast_head_json":{"title":"Premi\u00e9ra \u010e\u00e1bel nos\u00ed Pradu 2","description":"Pokra\u010dov\u00e1n\u00ed kultovn\u00edho filmu \u010e\u00e1bel nos\u00ed Pradu 2 vstupuje do kin. Westfield Chodov u\u017e hostil p\u0159edpremi\u00e9ru i dvoudenn\u00ed fashion program.","robots":{"index":"index","follow":"follow","max-snippet":"max-snippet:-1","max-image-preview":"max-image-preview:large","max-video-preview":"max-video-preview:-1"},"canonical":"https:\/\/www.karaoketexty.cz\/magazin\/navrat-na-ktery-se-cekalo-roky-dabel-nosi-pradu-2-miri-do-kin-a-fanousci-uz-ted-sili\/","og_locale":"cs_CZ","og_type":"article","og_title":"Premi\u00e9ra \u010e\u00e1bel nos\u00ed Pradu 2","og_description":"Pokra\u010dov\u00e1n\u00ed kultovn\u00edho filmu \u010e\u00e1bel nos\u00ed Pradu 2 vstupuje do kin. Westfield Chodov u\u017e hostil p\u0159edpremi\u00e9ru i dvoudenn\u00ed fashion program.","og_url":"https:\/\/www.karaoketexty.cz\/magazin\/navrat-na-ktery-se-cekalo-roky-dabel-nosi-pradu-2-miri-do-kin-a-fanousci-uz-ted-sili\/","og_site_name":"Stars Magaz\u00edn Karaoketexty.cz","article_published_time":"2026-04-29T13:36:25+00:00","og_image":[{"width":2048,"height":1365,"url":"https:\/\/www.karaoketexty.cz\/magazin\/wp-content\/uploads\/2026\/04\/premiera.jpg","type":"image\/jpeg"}],"author":"Barbora Kop\u0159ivov\u00e1","twitter_card":"summary_large_image","twitter_misc":{"Napsal(a)":"Barbora Kop\u0159ivov\u00e1","Odhadovan\u00e1 doba \u010dten\u00ed":"4 minuty"},"schema":{"@context":"https:\/\/schema.org","@graph":[{"@type":"Article","@id":"https:\/\/www.karaoketexty.cz\/magazin\/navrat-na-ktery-se-cekalo-roky-dabel-nosi-pradu-2-miri-do-kin-a-fanousci-uz-ted-sili\/#article","isPartOf":{"@id":"https:\/\/www.karaoketexty.cz\/magazin\/navrat-na-ktery-se-cekalo-roky-dabel-nosi-pradu-2-miri-do-kin-a-fanousci-uz-ted-sili\/"},"author":{"name":"Barbora Kop\u0159ivov\u00e1","@id":"https:\/\/www.karaoketexty.cz\/magazin\/#\/schema\/person\/37c0164a04038267c8a56ad6d60df749"},"headline":"N\u00e1vrat, na kter\u00fd se \u010dekalo roky: \u010e\u00e1bel nos\u00ed Pradu 2 m\u00ed\u0159\u00ed do kin a fanou\u0161ci u\u017e te\u010f \u0161\u00edl\u00ed","datePublished":"2026-04-29T13:36:25+00:00","mainEntityOfPage":{"@id":"https:\/\/www.karaoketexty.cz\/magazin\/navrat-na-ktery-se-cekalo-roky-dabel-nosi-pradu-2-miri-do-kin-a-fanousci-uz-ted-sili\/"},"wordCount":841,"commentCount":0,"image":{"@id":"https:\/\/www.karaoketexty.cz\/magazin\/navrat-na-ktery-se-cekalo-roky-dabel-nosi-pradu-2-miri-do-kin-a-fanousci-uz-ted-sili\/#primaryimage"},"thumbnailUrl":"https:\/\/www.karaoketexty.cz\/magazin\/wp-content\/uploads\/2026\/04\/premiera.jpg","keywords":["Anne Hathaway","\u010e\u00e1bel nos\u00ed Pradu","Emily Blunt","Film","Glamour","Meryl Streep","M\u00f3da","nostalgie","popkulturn\u00ed akce","sequel","Stanley Tucci","Westfield Chodov"],"articleSection":["Aktuality"],"inLanguage":"cs","potentialAction":[{"@type":"CommentAction","name":"Comment","target":["https:\/\/www.karaoketexty.cz\/magazin\/navrat-na-ktery-se-cekalo-roky-dabel-nosi-pradu-2-miri-do-kin-a-fanousci-uz-ted-sili\/#respond"]}]},{"@type":"WebPage","@id":"https:\/\/www.karaoketexty.cz\/magazin\/navrat-na-ktery-se-cekalo-roky-dabel-nosi-pradu-2-miri-do-kin-a-fanousci-uz-ted-sili\/","url":"https:\/\/www.karaoketexty.cz\/magazin\/navrat-na-ktery-se-cekalo-roky-dabel-nosi-pradu-2-miri-do-kin-a-fanousci-uz-ted-sili\/","name":"Premi\u00e9ra \u010e\u00e1bel nos\u00ed Pradu 2","isPartOf":{"@id":"https:\/\/www.karaoketexty.cz\/magazin\/#website"},"primaryImageOfPage":{"@id":"https:\/\/www.karaoketexty.cz\/magazin\/navrat-na-ktery-se-cekalo-roky-dabel-nosi-pradu-2-miri-do-kin-a-fanousci-uz-ted-sili\/#primaryimage"},"image":{"@id":"https:\/\/www.karaoketexty.cz\/magazin\/navrat-na-ktery-se-cekalo-roky-dabel-nosi-pradu-2-miri-do-kin-a-fanousci-uz-ted-sili\/#primaryimage"},"thumbnailUrl":"https:\/\/www.karaoketexty.cz\/magazin\/wp-content\/uploads\/2026\/04\/premiera.jpg","datePublished":"2026-04-29T13:36:25+00:00","author":{"@id":"https:\/\/www.karaoketexty.cz\/magazin\/#\/schema\/person\/37c0164a04038267c8a56ad6d60df749"},"description":"Pokra\u010dov\u00e1n\u00ed kultovn\u00edho filmu \u010e\u00e1bel nos\u00ed Pradu 2 vstupuje do kin. Westfield Chodov u\u017e hostil p\u0159edpremi\u00e9ru i dvoudenn\u00ed fashion program.","breadcrumb":{"@id":"https:\/\/www.karaoketexty.cz\/magazin\/navrat-na-ktery-se-cekalo-roky-dabel-nosi-pradu-2-miri-do-kin-a-fanousci-uz-ted-sili\/#breadcrumb"},"inLanguage":"cs","potentialAction":[{"@type":"ReadAction","target":["https:\/\/www.karaoketexty.cz\/magazin\/navrat-na-ktery-se-cekalo-roky-dabel-nosi-pradu-2-miri-do-kin-a-fanousci-uz-ted-sili\/"]}]},{"@type":"ImageObject","inLanguage":"cs","@id":"https:\/\/www.karaoketexty.cz\/magazin\/navrat-na-ktery-se-cekalo-roky-dabel-nosi-pradu-2-miri-do-kin-a-fanousci-uz-ted-sili\/#primaryimage","url":"https:\/\/www.karaoketexty.cz\/magazin\/wp-content\/uploads\/2026\/04\/premiera.jpg","contentUrl":"https:\/\/www.karaoketexty.cz\/magazin\/wp-content\/uploads\/2026\/04\/premiera.jpg","width":2048,"height":1365,"caption":"Foto: Ofici\u00e1ln\u00ed foto premi\u00e9ry filmu \u010e\u00e1bel nos\u00ed Pradu 2"},{"@type":"BreadcrumbList","@id":"https:\/\/www.karaoketexty.cz\/magazin\/navrat-na-ktery-se-cekalo-roky-dabel-nosi-pradu-2-miri-do-kin-a-fanousci-uz-ted-sili\/#breadcrumb","itemListElement":[{"@type":"ListItem","position":1,"name":"Dom\u016f","item":"https:\/\/www.karaoketexty.cz\/magazin\/"},{"@type":"ListItem","position":2,"name":"N\u00e1vrat, na kter\u00fd se \u010dekalo roky: \u010e\u00e1bel nos\u00ed Pradu 2 m\u00ed\u0159\u00ed do kin a fanou\u0161ci u\u017e te\u010f \u0161\u00edl\u00ed"}]},{"@type":"WebSite","@id":"https:\/\/www.karaoketexty.cz\/magazin\/#website","url":"https:\/\/www.karaoketexty.cz\/magazin\/","name":"Stars Magaz\u00edn Karaoketexty.cz","description":"Stars Magaz\u00edn na Karaoketexty.cz je zam\u011b\u0159en\u00fd na novinky ze sv\u011bta hudby a celebrit. Obsahuje \u010dl\u00e1nky o zp\u011bv\u00e1c\u00edch, kapel\u00e1ch, nov\u00fdch albech, hudebn\u00edch trendech a dal\u0161\u00edch zaj\u00edmavostech z hudebn\u00edho pr\u016fmyslu.","potentialAction":[{"@type":"SearchAction","target":{"@type":"EntryPoint","urlTemplate":"https:\/\/www.karaoketexty.cz\/magazin\/?s={search_term_string}"},"query-input":{"@type":"PropertyValueSpecification","valueRequired":true,"valueName":"search_term_string"}}],"inLanguage":"cs"},{"@type":"Person","@id":"https:\/\/www.karaoketexty.cz\/magazin\/#\/schema\/person\/37c0164a04038267c8a56ad6d60df749","name":"Barbora Kop\u0159ivov\u00e1","image":{"@type":"ImageObject","inLanguage":"cs","@id":"https:\/\/secure.gravatar.com\/avatar\/ad2ef9810228386d580851ef4bdde76abaa96054ff5b068c8873bc91afb2df84?s=96&d=mm&r=g","url":"https:\/\/secure.gravatar.com\/avatar\/ad2ef9810228386d580851ef4bdde76abaa96054ff5b068c8873bc91afb2df84?s=96&d=mm&r=g","contentUrl":"https:\/\/secure.gravatar.com\/avatar\/ad2ef9810228386d580851ef4bdde76abaa96054ff5b068c8873bc91afb2df84?s=96&d=mm&r=g","caption":"Barbora Kop\u0159ivov\u00e1"},"url":"https:\/\/www.karaoketexty.cz\/magazin\/author\/barborakoprivova\/"}]}},"_links":{"self":[{"href":"https:\/\/www.karaoketexty.cz\/magazin\/wp-json\/wp\/v2\/posts\/10843","targetHints":{"allow":["GET"]}}],"collection":[{"href":"https:\/\/www.karaoketexty.cz\/magazin\/wp-json\/wp\/v2\/posts"}],"about":[{"href":"https:\/\/www.karaoketexty.cz\/magazin\/wp-json\/wp\/v2\/types\/post"}],"author":[{"embeddable":true,"href":"https:\/\/www.karaoketexty.cz\/magazin\/wp-json\/wp\/v2\/users\/4"}],"replies":[{"embeddable":true,"href":"https:\/\/www.karaoketexty.cz\/magazin\/wp-json\/wp\/v2\/comments?post=10843"}],"version-history":[{"count":2,"href":"https:\/\/www.karaoketexty.cz\/magazin\/wp-json\/wp\/v2\/posts\/10843\/revisions"}],"predecessor-version":[{"id":10847,"href":"https:\/\/www.karaoketexty.cz\/magazin\/wp-json\/wp\/v2\/posts\/10843\/revisions\/10847"}],"wp:featuredmedia":[{"embeddable":true,"href":"https:\/\/www.karaoketexty.cz\/magazin\/wp-json\/wp\/v2\/media\/10845"}],"wp:attachment":[{"href":"https:\/\/www.karaoketexty.cz\/magazin\/wp-json\/wp\/v2\/media?parent=10843"}],"wp:term":[{"taxonomy":"category","embeddable":true,"href":"https:\/\/www.karaoketexty.cz\/magazin\/wp-json\/wp\/v2\/categories?post=10843"},{"taxonomy":"post_tag","embeddable":true,"href":"https:\/\/www.karaoketexty.cz\/magazin\/wp-json\/wp\/v2\/tags?post=10843"}],"curies":[{"name":"wp","href":"https:\/\/api.w.org\/{rel}","templated":true}]}}