{"id":10638,"date":"2026-04-28T07:24:00","date_gmt":"2026-04-28T05:24:00","guid":{"rendered":"https:\/\/www.karaoketexty.cz\/magazin\/?p=10638"},"modified":"2026-04-27T12:56:23","modified_gmt":"2026-04-27T10:56:23","slug":"bydleni-zpevaka-a-umelce-vojtecha-dyka","status":"publish","type":"post","link":"https:\/\/www.karaoketexty.cz\/magazin\/bydleni-zpevaka-a-umelce-vojtecha-dyka\/","title":{"rendered":"Vojta Dyk a jeho luxusn\u00ed rezidence v Praze a chalupa v Ji\u017en\u00edch \u010cech\u00e1ch"},"content":{"rendered":"\n<p><strong>Zp\u011bv\u00e1k Vojt\u011bch Dyk bydl\u00ed se svou rodinou na velmi lukrativn\u00ed adrese. Kdy\u017e se jim luxus jejich bytu ale za\u010dne zaj\u00eddat, vyr\u00e1\u017eej\u00ed na \u0160umavu.<\/strong><\/p>\n\n\n\n<p>Vojt\u011bch Dyk pat\u0159\u00ed mezi um\u011blce, kte\u0159\u00ed um\u00ed dob\u0159e vyu\u017e\u00edvat prost\u0159edky, kter\u00e9 m\u00e1. Nejen\u017ee investoval do luxusn\u00edho a pohodln\u00e9ho bydlen\u00ed na Vinohradech, z\u00e1rove\u0148 u\u017e p\u0159ed lety zakoupil v\u011bt\u0161\u00ed mno\u017estv\u00ed pozemk\u016f v jist\u00e9 mal\u00e9 obci. Na Karaoketexty jsme se na jeho bydlen\u00ed pod\u00edvali bl\u00ed\u017ee.<\/p>\n\n\n<!-- karaoketexty.cz \/ rectangle2 -->\n<div id=\"PX_37086_709110796310826\"><\/div>\n<script>\n   if(!useMobileAds && !boolUseSeznamAds && !hideAllAds){\n     window.px2 = window.px2 || { conf: {},queue: [] };\n     px2.queue.push(function () {\n        px2.render({\n           slot: {\n              id: 37086\n           },\n            elem: \"PX_37086_709110796310826\"\n        })\n     });\n  }\n<\/script>\n\n<!-- karaoketexty.cz \/ mobile-rectangle3 -->\n<div id=\"PX_37044_714599773297004\"><\/div>\n<script>\n   if(useMobileAds && !boolUseSeznamAds && !hideAllAds){\nwindow.px2 = window.px2 || { conf: {},queue: [] };\npx2.queue.push(function () {\n\tpx2.render({\n\t\tslot: {\n\t\t\tid: 37044\n\t\t},\n\t\telem: \"PX_37044_714599773297004\"\n\t})\n});\n}\n<\/script>\n\n\n<h2 class=\"wp-block-heading\"><strong>Dyk se chyst\u00e1 protan\u010dit mnoho noc\u00ed<\/strong><\/h2>\n\n\n\n<p>Zp\u011bv\u00e1k a hudebn\u00edk Vojt\u011bch Dyk se u\u017e pomalu p\u0159ipravuje na svou \u00fa\u010dast v&nbsp;popul\u00e1rn\u00ed sout\u011b\u017ei \u010cesk\u00e9 televize StarDance. Partnerkou mu bude rakousk\u00e1 tane\u010dnice Catharina M\u00e1lek. Ta se do sout\u011b\u017ee p\u0159idala letos poprv\u00e9, p\u0159i\u010dem\u017e u\u017e nyn\u00ed si je jist\u00e1, \u017ee si se sympatick\u00fdm um\u011blcem budou sed\u011bt. A to i p\u0159esto, \u017ee spolu budou muset mluvit nap\u016fl \u010desky a nap\u016fl anglicky. To ale pro Dyka jist\u011b nebude probl\u00e9m. V\u017edy\u0165 i na sv\u00e9 koncerty l\u00e1k\u00e1 fanou\u0161ky v&nbsp;tomto \u201esv\u011btov\u00e9m jazyce\u201c, jak dokl\u00e1d\u00e1 i jeho web.<\/p>\n\n\n\n<p>A kam si po tr\u00e9ninc\u00edch bude chodit odpo\u010d\u00edvat? Do luxusn\u00edho bytu na pra\u017esk\u00fdch Vinohradech. Do bytu ve zrenovovan\u00e9m \u010din\u017eovn\u00edm dom\u011b jezd\u00ed v\u00fdtah na speci\u00e1ln\u00ed k\u00f3d. Cel\u00e1 rezidence o velikosti asi 350 m<sup>2<\/sup><strong> <\/strong>pak nab\u00edz\u00ed i velkolep\u00e9 v\u00fdhledy na hlavn\u00ed m\u011bsto. Dykovi tu toti\u017e maj\u00ed terasu s&nbsp;vyhl\u00eddkou. Zde pospolu bydl\u00ed Vojt\u011bch Dyk s man\u017eelkou T\u00e1\u0148ou, jej\u00edmi dv\u011bma syny Franti\u0161kem a Cyrilem z&nbsp;prvn\u00edho man\u017eelstv\u00ed a spole\u010dn\u00fdm synem Aloisem.<\/p>\n\n\n<!-- karaoketexty.cz \/ interscroller1 -->\n\n<div id=\"PX_37041_825057871452834\"><\/div>\n<script>\nif(useMobileAds && !boolUseSeznamAds && !hideAllAds){\n\twindow.px2 = window.px2 || { conf: {},queue: [] };\n\tpx2.queue.push(function () {\n\t\tpx2.render({\n\t\t\tslot: {\n\t\t\t\tid: 37041\n\t\t\t},\n\t\t\telem: \"PX_37041_825057871452834\"\n\t\t})\n\t});\n}\n<\/script>\n\n\n<h2 class=\"wp-block-heading\">Investice do budoucnosti<\/h2>\n\n\n\n<p>A ve chv\u00edli, kdy chce rodina nechat ruch velkom\u011bsta za sebou, rozjede se na prostornou chalupu. Na n\u00ed tr\u00e1v\u00ed nejen voln\u00e9 v\u00edkendy, ale \u010dasto i valnou \u010d\u00e1st pr\u00e1zdnin. Chata na jihu \u010cech na \u0160umav\u011b jim zkr\u00e1tka slou\u017e\u00ed jako \u00fato\u010di\u0161t\u011b, jak p\u00ed\u0161e port\u00e1l CNN Prima News, kde mohou alespo\u0148 na chv\u00edli v&nbsp;bl\u00edzkosti p\u0159\u00edrody vypnout a relaxovat.<\/p>\n\n\n\n<figure class=\"wp-block-image size-large\"><img data-dominant-color=\"8b755d\" data-has-transparency=\"false\" style=\"--dominant-color: #8b755d;\" decoding=\"async\" width=\"1024\" height=\"576\" src=\"https:\/\/www.karaoketexty.cz\/magazin\/wp-content\/uploads\/2026\/03\/vojta-dyk-tatiana-vilhelmova-dykova-1024x576.jpg\" alt=\"Fotografie Vojty Dyka a Tatiany Vilhelmov\u00e9 Dykov\u00e9\" class=\"wp-image-9330 not-transparent\" srcset=\"https:\/\/www.karaoketexty.cz\/magazin\/wp-content\/uploads\/2026\/03\/vojta-dyk-tatiana-vilhelmova-dykova-1024x576.jpg 1024w, https:\/\/www.karaoketexty.cz\/magazin\/wp-content\/uploads\/2026\/03\/vojta-dyk-tatiana-vilhelmova-dykova-300x169.jpg 300w, https:\/\/www.karaoketexty.cz\/magazin\/wp-content\/uploads\/2026\/03\/vojta-dyk-tatiana-vilhelmova-dykova-768x432.jpg 768w, https:\/\/www.karaoketexty.cz\/magazin\/wp-content\/uploads\/2026\/03\/vojta-dyk-tatiana-vilhelmova-dykova-800x450.jpg 800w, https:\/\/www.karaoketexty.cz\/magazin\/wp-content\/uploads\/2026\/03\/vojta-dyk-tatiana-vilhelmova-dykova.jpg 1200w\" sizes=\"(max-width: 1024px) 100vw, 1024px\" \/><figcaption class=\"wp-element-caption\">Fotografie: Nextfoto, Vojta Dyk a Tatiana Vilhelmov\u00e1 Dykov\u00e1 na v\u00fdro\u010dn\u00edch filmov\u00fdch cen\u00e1ch \u010cesk\u00fd lev za rok 2025<\/figcaption><\/figure>\n\n\n\n<p>A aby toho v&nbsp;Dykov\u011b nemovitostn\u00edm portfoliu nebylo m\u00e1lo, ji\u017e kdysi skoupil rovn\u00fdch t\u0159iadvacet pozemk\u016f v&nbsp;obci Pt\u00e1kova Lhota v&nbsp;bl\u00edzkosti Prachatic. Z&nbsp;obce, ve kter\u00e9 nikdo trvale nebydl\u00ed, to p\u0159itom d\u011bl\u00e1 t\u00e9m\u011b\u0159 polovinu. Rozloha Dykova vlastnictv\u00ed je zde podle webu Blesk necel\u00fdch 55 tis\u00edc metr\u016f \u010dtvere\u010dn\u00fdch.<\/p>\n\n\n\n<p>Zdroje: Autorsk\u00fd text, <a href=\"https:\/\/cnn.iprima.cz\/show-time\/dyk-oslavil-40-s-manzelkou-tatianou-zije-v-luxusnim-byte-v-centru-prahy-relaxuji-na-chalupe-481091\">CNNPrimaNews<\/a>, <a href=\"https:\/\/www.blesk.cz\/clanek\/celebrity-ceske-celebrity\/283075\/dyk-skupuje-pozemky-v-obci-kde-nikdo-nezije-jich-ma-uz-23.html\">Blesk<\/a>, <a href=\"https:\/\/www.ceskatelevize.cz\/vse-o-ct\/specialy\/stardance-2026\/dyk\/\" target=\"_blank\" rel=\"noreferrer noopener nofollow\">\u010cesk\u00e1Televize<\/a>, <a href=\"https:\/\/www.dykofficial.com\/concerts\/\" target=\"_blank\" rel=\"noreferrer noopener nofollow\">DykOfficial<\/a><a style=\"display: none !important;\" href=\"https:\/\/cnn.iprima.cz\/show-time\/dyk-oslavil-40-s-manzelkou-tatianou-zije-v-luxusnim-byte-v-centru-prahy-relaxuji-na-chalupe-481091\" target=\"_blank\" rel=\"noreferrer noopener nofollow\">CNN.IPrima<\/a><\/p>\n\n\n            <a href=\"https:\/\/www.karaoketexty.cz\/magazin\/manzele-vojta-a-tana-dykovi-na-ceske-lvy-sladili-outfit-a-vrkali-jako-dve-hrdlicky\/\" class=\"related-post-link\">\n                <div class=\"post-thumbnail\">\n                    <img decoding=\"async\" width=\"250\" height=\"141\" src=\"https:\/\/www.karaoketexty.cz\/magazin\/wp-content\/uploads\/2026\/03\/vojta-dyk-tatiana-vilhelmova-dykova.jpg\" class=\"attachment-250x180 size-250x180 not-transparent\" alt=\"Fotografie Vojty Dyka a Tatiany Vilhelmov\u00e9 Dykov\u00e9\" srcset=\"https:\/\/www.karaoketexty.cz\/magazin\/wp-content\/uploads\/2026\/03\/vojta-dyk-tatiana-vilhelmova-dykova.jpg 1200w, https:\/\/www.karaoketexty.cz\/magazin\/wp-content\/uploads\/2026\/03\/vojta-dyk-tatiana-vilhelmova-dykova-300x169.jpg 300w, https:\/\/www.karaoketexty.cz\/magazin\/wp-content\/uploads\/2026\/03\/vojta-dyk-tatiana-vilhelmova-dykova-1024x576.jpg 1024w, https:\/\/www.karaoketexty.cz\/magazin\/wp-content\/uploads\/2026\/03\/vojta-dyk-tatiana-vilhelmova-dykova-768x432.jpg 768w, https:\/\/www.karaoketexty.cz\/magazin\/wp-content\/uploads\/2026\/03\/vojta-dyk-tatiana-vilhelmova-dykova-800x450.jpg 800w\" sizes=\"(max-width: 250px) 100vw, 250px\" data-has-transparency=\"false\" data-dominant-color=\"8b755d\" style=\"--dominant-color: #8b755d;\" \/>                <\/div>\n                <div class=\"post-details\">\n                    <span class=\"also-read\">\u010ct\u011bte tak\u00e9:<\/span>\n                    <h3 class=\"hed\">Man\u017eel\u00e9 Vojta a T\u00e1\u0148a Dykovi: Na \u010cesk\u00e9 lvy sladili outfit a vrkali jako dv\u011b hrdli\u010dky<\/h3>\n                <\/div>\n            <\/a>\n            \n\n            <a href=\"https:\/\/www.karaoketexty.cz\/magazin\/po-boku-vojty-dyka-stravila-roky-o-bolestnem-konci-mluvila-marketa-dergelova-nerada\/\" class=\"related-post-link\">\n                <div class=\"post-thumbnail\">\n                    <img decoding=\"async\" width=\"250\" height=\"141\" src=\"https:\/\/www.karaoketexty.cz\/magazin\/wp-content\/uploads\/2026\/03\/marketa-frosslova-dergelova.jpg\" class=\"attachment-250x180 size-250x180 not-transparent\" alt=\"Mark\u00e9ta Fr\u00f6sslov\u00e1 D\u011brgelov\u00e1\" srcset=\"https:\/\/www.karaoketexty.cz\/magazin\/wp-content\/uploads\/2026\/03\/marketa-frosslova-dergelova.jpg 1200w, https:\/\/www.karaoketexty.cz\/magazin\/wp-content\/uploads\/2026\/03\/marketa-frosslova-dergelova-300x169.jpg 300w, https:\/\/www.karaoketexty.cz\/magazin\/wp-content\/uploads\/2026\/03\/marketa-frosslova-dergelova-1024x576.jpg 1024w, https:\/\/www.karaoketexty.cz\/magazin\/wp-content\/uploads\/2026\/03\/marketa-frosslova-dergelova-768x432.jpg 768w, https:\/\/www.karaoketexty.cz\/magazin\/wp-content\/uploads\/2026\/03\/marketa-frosslova-dergelova-800x450.jpg 800w\" sizes=\"(max-width: 250px) 100vw, 250px\" data-has-transparency=\"false\" data-dominant-color=\"977b55\" style=\"--dominant-color: #977b55;\" \/>                <\/div>\n                <div class=\"post-details\">\n                    <span class=\"also-read\">\u010ct\u011bte tak\u00e9:<\/span>\n                    <h3 class=\"hed\">Po boku Vojty Dyka str\u00e1vila roky: O bolestn\u00e9m konci mluvila Mark\u00e9ta D\u011brgelov\u00e1 nerada<\/h3>\n                <\/div>\n            <\/a>\n            ","protected":false},"excerpt":{"rendered":"<p>Zp\u011bv\u00e1k Vojt\u011bch Dyk bydl\u00ed se svou rodinou na velmi lukrativn\u00ed adrese. Kdy\u017e se jim luxus jejich bytu ale za\u010dne zaj\u00eddat, vyr\u00e1\u017eej\u00ed na \u0160umavu.<\/p>\n","protected":false},"author":5,"featured_media":10639,"comment_status":"open","ping_status":"closed","sticky":false,"template":"","format":"standard","meta":{"_yoast_wpseo_title":"Zp\u011bv\u00e1k Vojt\u011bch Dyk bydl\u00ed v luxusn\u00edm byt\u011b s v\u00fdhledem na Prahu","_yoast_wpseo_metadesc":"P\u011bti\u010dlenn\u00e1 rodina zp\u011bv\u00e1ka Vojt\u011bcha Dyka ob\u00fdv\u00e1 byt na pra\u017esk\u00fdch Vinohradech. A kdy\u017e zatou\u017e\u00ed po p\u0159\u00edrod\u011b, vyraz\u00ed na chalupu na \u0160umavu.","footnotes":""},"categories":[1059],"tags":[7325,571,1592,703,7326,7282,882,99,320,204,1637],"class_list":["post-10638","post","type-post","status-publish","format-standard","has-post-thumbnail","hentry","category-celebrity","tag-catharina-malek","tag-ceska-hudba","tag-ceska-televize","tag-hudebnik","tag-investice-do-nemovitosti","tag-luxusni-bydleni","tag-praha","tag-rodina","tag-stardance","tag-sumava","tag-vojtech-dyk"],"yoast_head":"<!-- This site is optimized with the Yoast SEO plugin v27.4 - https:\/\/yoast.com\/product\/yoast-seo-wordpress\/ -->\n<title>Zp\u011bv\u00e1k Vojt\u011bch Dyk bydl\u00ed v luxusn\u00edm byt\u011b s v\u00fdhledem na Prahu<\/title>\n<meta name=\"description\" content=\"P\u011bti\u010dlenn\u00e1 rodina zp\u011bv\u00e1ka Vojt\u011bcha Dyka ob\u00fdv\u00e1 byt na pra\u017esk\u00fdch Vinohradech. A kdy\u017e zatou\u017e\u00ed po p\u0159\u00edrod\u011b, vyraz\u00ed na chalupu na \u0160umavu.\" \/>\n<meta name=\"robots\" content=\"index, follow, max-snippet:-1, max-image-preview:large, max-video-preview:-1\" \/>\n<link rel=\"canonical\" href=\"https:\/\/www.karaoketexty.cz\/magazin\/bydleni-zpevaka-a-umelce-vojtecha-dyka\/\" \/>\n<meta property=\"og:locale\" content=\"cs_CZ\" \/>\n<meta property=\"og:type\" content=\"article\" \/>\n<meta property=\"og:title\" content=\"Zp\u011bv\u00e1k Vojt\u011bch Dyk bydl\u00ed v luxusn\u00edm byt\u011b s v\u00fdhledem na Prahu\" \/>\n<meta property=\"og:description\" content=\"P\u011bti\u010dlenn\u00e1 rodina zp\u011bv\u00e1ka Vojt\u011bcha Dyka ob\u00fdv\u00e1 byt na pra\u017esk\u00fdch Vinohradech. A kdy\u017e zatou\u017e\u00ed po p\u0159\u00edrod\u011b, vyraz\u00ed na chalupu na \u0160umavu.\" \/>\n<meta property=\"og:url\" content=\"https:\/\/www.karaoketexty.cz\/magazin\/bydleni-zpevaka-a-umelce-vojtecha-dyka\/\" \/>\n<meta property=\"og:site_name\" content=\"Stars Magaz\u00edn Karaoketexty.cz\" \/>\n<meta property=\"article:published_time\" content=\"2026-04-28T05:24:00+00:00\" \/>\n<meta property=\"og:image\" content=\"https:\/\/www.karaoketexty.cz\/magazin\/wp-content\/uploads\/2026\/04\/vojta-dyk.jpg\" \/>\n\t<meta property=\"og:image:width\" content=\"1200\" \/>\n\t<meta property=\"og:image:height\" content=\"903\" \/>\n\t<meta property=\"og:image:type\" content=\"image\/jpeg\" \/>\n<meta name=\"author\" content=\"Veronika \u0160imkov\u00e1\" \/>\n<meta name=\"twitter:card\" content=\"summary_large_image\" \/>\n<meta name=\"twitter:label1\" content=\"Napsal(a)\" \/>\n\t<meta name=\"twitter:data1\" content=\"Veronika \u0160imkov\u00e1\" \/>\n\t<meta name=\"twitter:label2\" content=\"Odhadovan\u00e1 doba \u010dten\u00ed\" \/>\n\t<meta name=\"twitter:data2\" content=\"3 minuty\" \/>\n<script type=\"application\/ld+json\" class=\"yoast-schema-graph\">{\"@context\":\"https:\\\/\\\/schema.org\",\"@graph\":[{\"@type\":\"Article\",\"@id\":\"https:\\\/\\\/www.karaoketexty.cz\\\/magazin\\\/bydleni-zpevaka-a-umelce-vojtecha-dyka\\\/#article\",\"isPartOf\":{\"@id\":\"https:\\\/\\\/www.karaoketexty.cz\\\/magazin\\\/bydleni-zpevaka-a-umelce-vojtecha-dyka\\\/\"},\"author\":{\"name\":\"Veronika \u0160imkov\u00e1\",\"@id\":\"https:\\\/\\\/www.karaoketexty.cz\\\/magazin\\\/#\\\/schema\\\/person\\\/03220d610ed4cba378a72bac3443f821\"},\"headline\":\"Vojta Dyk a jeho luxusn\u00ed rezidence v Praze a chalupa v Ji\u017en\u00edch \u010cech\u00e1ch\",\"datePublished\":\"2026-04-28T05:24:00+00:00\",\"mainEntityOfPage\":{\"@id\":\"https:\\\/\\\/www.karaoketexty.cz\\\/magazin\\\/bydleni-zpevaka-a-umelce-vojtecha-dyka\\\/\"},\"wordCount\":480,\"commentCount\":0,\"image\":{\"@id\":\"https:\\\/\\\/www.karaoketexty.cz\\\/magazin\\\/bydleni-zpevaka-a-umelce-vojtecha-dyka\\\/#primaryimage\"},\"thumbnailUrl\":\"https:\\\/\\\/www.karaoketexty.cz\\\/magazin\\\/wp-content\\\/uploads\\\/2026\\\/04\\\/vojta-dyk.jpg\",\"keywords\":[\"Catharina M\u00e1lek\",\"\u010desk\u00e1 hudba\",\"\u010cesk\u00e1 televize\",\"hudebn\u00edk\",\"investice do nemovitost\u00ed\",\"luxusn\u00ed bydlen\u00ed\",\"Praha\",\"Rodina\",\"StarDance\",\"\u0160umava\",\"Vojt\u011bch Dyk\"],\"articleSection\":[\"Celebrity\"],\"inLanguage\":\"cs\",\"potentialAction\":[{\"@type\":\"CommentAction\",\"name\":\"Comment\",\"target\":[\"https:\\\/\\\/www.karaoketexty.cz\\\/magazin\\\/bydleni-zpevaka-a-umelce-vojtecha-dyka\\\/#respond\"]}]},{\"@type\":\"WebPage\",\"@id\":\"https:\\\/\\\/www.karaoketexty.cz\\\/magazin\\\/bydleni-zpevaka-a-umelce-vojtecha-dyka\\\/\",\"url\":\"https:\\\/\\\/www.karaoketexty.cz\\\/magazin\\\/bydleni-zpevaka-a-umelce-vojtecha-dyka\\\/\",\"name\":\"Zp\u011bv\u00e1k Vojt\u011bch Dyk bydl\u00ed v luxusn\u00edm byt\u011b s v\u00fdhledem na Prahu\",\"isPartOf\":{\"@id\":\"https:\\\/\\\/www.karaoketexty.cz\\\/magazin\\\/#website\"},\"primaryImageOfPage\":{\"@id\":\"https:\\\/\\\/www.karaoketexty.cz\\\/magazin\\\/bydleni-zpevaka-a-umelce-vojtecha-dyka\\\/#primaryimage\"},\"image\":{\"@id\":\"https:\\\/\\\/www.karaoketexty.cz\\\/magazin\\\/bydleni-zpevaka-a-umelce-vojtecha-dyka\\\/#primaryimage\"},\"thumbnailUrl\":\"https:\\\/\\\/www.karaoketexty.cz\\\/magazin\\\/wp-content\\\/uploads\\\/2026\\\/04\\\/vojta-dyk.jpg\",\"datePublished\":\"2026-04-28T05:24:00+00:00\",\"author\":{\"@id\":\"https:\\\/\\\/www.karaoketexty.cz\\\/magazin\\\/#\\\/schema\\\/person\\\/03220d610ed4cba378a72bac3443f821\"},\"description\":\"P\u011bti\u010dlenn\u00e1 rodina zp\u011bv\u00e1ka Vojt\u011bcha Dyka ob\u00fdv\u00e1 byt na pra\u017esk\u00fdch Vinohradech. A kdy\u017e zatou\u017e\u00ed po p\u0159\u00edrod\u011b, vyraz\u00ed na chalupu na \u0160umavu.\",\"breadcrumb\":{\"@id\":\"https:\\\/\\\/www.karaoketexty.cz\\\/magazin\\\/bydleni-zpevaka-a-umelce-vojtecha-dyka\\\/#breadcrumb\"},\"inLanguage\":\"cs\",\"potentialAction\":[{\"@type\":\"ReadAction\",\"target\":[\"https:\\\/\\\/www.karaoketexty.cz\\\/magazin\\\/bydleni-zpevaka-a-umelce-vojtecha-dyka\\\/\"]}]},{\"@type\":\"ImageObject\",\"inLanguage\":\"cs\",\"@id\":\"https:\\\/\\\/www.karaoketexty.cz\\\/magazin\\\/bydleni-zpevaka-a-umelce-vojtecha-dyka\\\/#primaryimage\",\"url\":\"https:\\\/\\\/www.karaoketexty.cz\\\/magazin\\\/wp-content\\\/uploads\\\/2026\\\/04\\\/vojta-dyk.jpg\",\"contentUrl\":\"https:\\\/\\\/www.karaoketexty.cz\\\/magazin\\\/wp-content\\\/uploads\\\/2026\\\/04\\\/vojta-dyk.jpg\",\"width\":1200,\"height\":903,\"caption\":\"Foto: NextFoto, TK k\u00a0p\u0159edstaven\u00ed tane\u010dn\u00edch p\u00e1r\u016f 14. \u0159ady StarDance prob\u011bhla 21. 4. 2026 v budov\u011b \u010cesk\u00e9 televize na pra\u017esk\u00fdch Kav\u010d\u00edch hor\u00e1ch.\"},{\"@type\":\"BreadcrumbList\",\"@id\":\"https:\\\/\\\/www.karaoketexty.cz\\\/magazin\\\/bydleni-zpevaka-a-umelce-vojtecha-dyka\\\/#breadcrumb\",\"itemListElement\":[{\"@type\":\"ListItem\",\"position\":1,\"name\":\"Dom\u016f\",\"item\":\"https:\\\/\\\/www.karaoketexty.cz\\\/magazin\\\/\"},{\"@type\":\"ListItem\",\"position\":2,\"name\":\"Vojta Dyk a jeho luxusn\u00ed rezidence v Praze a chalupa v Ji\u017en\u00edch \u010cech\u00e1ch\"}]},{\"@type\":\"WebSite\",\"@id\":\"https:\\\/\\\/www.karaoketexty.cz\\\/magazin\\\/#website\",\"url\":\"https:\\\/\\\/www.karaoketexty.cz\\\/magazin\\\/\",\"name\":\"Stars Magaz\u00edn Karaoketexty.cz\",\"description\":\"Stars Magaz\u00edn na Karaoketexty.cz je zam\u011b\u0159en\u00fd na novinky ze sv\u011bta hudby a celebrit. Obsahuje \u010dl\u00e1nky o zp\u011bv\u00e1c\u00edch, kapel\u00e1ch, nov\u00fdch albech, hudebn\u00edch trendech a dal\u0161\u00edch zaj\u00edmavostech z hudebn\u00edho pr\u016fmyslu.\",\"potentialAction\":[{\"@type\":\"SearchAction\",\"target\":{\"@type\":\"EntryPoint\",\"urlTemplate\":\"https:\\\/\\\/www.karaoketexty.cz\\\/magazin\\\/?s={search_term_string}\"},\"query-input\":{\"@type\":\"PropertyValueSpecification\",\"valueRequired\":true,\"valueName\":\"search_term_string\"}}],\"inLanguage\":\"cs\"},{\"@type\":\"Person\",\"@id\":\"https:\\\/\\\/www.karaoketexty.cz\\\/magazin\\\/#\\\/schema\\\/person\\\/03220d610ed4cba378a72bac3443f821\",\"name\":\"Veronika \u0160imkov\u00e1\",\"image\":{\"@type\":\"ImageObject\",\"inLanguage\":\"cs\",\"@id\":\"https:\\\/\\\/secure.gravatar.com\\\/avatar\\\/62af9cda83322200aaf20e60d0442fbca254ce18c0ffdcaaf83de31493c941a5?s=96&d=mm&r=g\",\"url\":\"https:\\\/\\\/secure.gravatar.com\\\/avatar\\\/62af9cda83322200aaf20e60d0442fbca254ce18c0ffdcaaf83de31493c941a5?s=96&d=mm&r=g\",\"contentUrl\":\"https:\\\/\\\/secure.gravatar.com\\\/avatar\\\/62af9cda83322200aaf20e60d0442fbca254ce18c0ffdcaaf83de31493c941a5?s=96&d=mm&r=g\",\"caption\":\"Veronika \u0160imkov\u00e1\"},\"url\":\"https:\\\/\\\/www.karaoketexty.cz\\\/magazin\\\/author\\\/veronikasimkova\\\/\"}]}<\/script>\n<!-- \/ Yoast SEO plugin. -->","yoast_head_json":{"title":"Zp\u011bv\u00e1k Vojt\u011bch Dyk bydl\u00ed v luxusn\u00edm byt\u011b s v\u00fdhledem na Prahu","description":"P\u011bti\u010dlenn\u00e1 rodina zp\u011bv\u00e1ka Vojt\u011bcha Dyka ob\u00fdv\u00e1 byt na pra\u017esk\u00fdch Vinohradech. A kdy\u017e zatou\u017e\u00ed po p\u0159\u00edrod\u011b, vyraz\u00ed na chalupu na \u0160umavu.","robots":{"index":"index","follow":"follow","max-snippet":"max-snippet:-1","max-image-preview":"max-image-preview:large","max-video-preview":"max-video-preview:-1"},"canonical":"https:\/\/www.karaoketexty.cz\/magazin\/bydleni-zpevaka-a-umelce-vojtecha-dyka\/","og_locale":"cs_CZ","og_type":"article","og_title":"Zp\u011bv\u00e1k Vojt\u011bch Dyk bydl\u00ed v luxusn\u00edm byt\u011b s v\u00fdhledem na Prahu","og_description":"P\u011bti\u010dlenn\u00e1 rodina zp\u011bv\u00e1ka Vojt\u011bcha Dyka ob\u00fdv\u00e1 byt na pra\u017esk\u00fdch Vinohradech. A kdy\u017e zatou\u017e\u00ed po p\u0159\u00edrod\u011b, vyraz\u00ed na chalupu na \u0160umavu.","og_url":"https:\/\/www.karaoketexty.cz\/magazin\/bydleni-zpevaka-a-umelce-vojtecha-dyka\/","og_site_name":"Stars Magaz\u00edn Karaoketexty.cz","article_published_time":"2026-04-28T05:24:00+00:00","og_image":[{"width":1200,"height":903,"url":"https:\/\/www.karaoketexty.cz\/magazin\/wp-content\/uploads\/2026\/04\/vojta-dyk.jpg","type":"image\/jpeg"}],"author":"Veronika \u0160imkov\u00e1","twitter_card":"summary_large_image","twitter_misc":{"Napsal(a)":"Veronika \u0160imkov\u00e1","Odhadovan\u00e1 doba \u010dten\u00ed":"3 minuty"},"schema":{"@context":"https:\/\/schema.org","@graph":[{"@type":"Article","@id":"https:\/\/www.karaoketexty.cz\/magazin\/bydleni-zpevaka-a-umelce-vojtecha-dyka\/#article","isPartOf":{"@id":"https:\/\/www.karaoketexty.cz\/magazin\/bydleni-zpevaka-a-umelce-vojtecha-dyka\/"},"author":{"name":"Veronika \u0160imkov\u00e1","@id":"https:\/\/www.karaoketexty.cz\/magazin\/#\/schema\/person\/03220d610ed4cba378a72bac3443f821"},"headline":"Vojta Dyk a jeho luxusn\u00ed rezidence v Praze a chalupa v Ji\u017en\u00edch \u010cech\u00e1ch","datePublished":"2026-04-28T05:24:00+00:00","mainEntityOfPage":{"@id":"https:\/\/www.karaoketexty.cz\/magazin\/bydleni-zpevaka-a-umelce-vojtecha-dyka\/"},"wordCount":480,"commentCount":0,"image":{"@id":"https:\/\/www.karaoketexty.cz\/magazin\/bydleni-zpevaka-a-umelce-vojtecha-dyka\/#primaryimage"},"thumbnailUrl":"https:\/\/www.karaoketexty.cz\/magazin\/wp-content\/uploads\/2026\/04\/vojta-dyk.jpg","keywords":["Catharina M\u00e1lek","\u010desk\u00e1 hudba","\u010cesk\u00e1 televize","hudebn\u00edk","investice do nemovitost\u00ed","luxusn\u00ed bydlen\u00ed","Praha","Rodina","StarDance","\u0160umava","Vojt\u011bch Dyk"],"articleSection":["Celebrity"],"inLanguage":"cs","potentialAction":[{"@type":"CommentAction","name":"Comment","target":["https:\/\/www.karaoketexty.cz\/magazin\/bydleni-zpevaka-a-umelce-vojtecha-dyka\/#respond"]}]},{"@type":"WebPage","@id":"https:\/\/www.karaoketexty.cz\/magazin\/bydleni-zpevaka-a-umelce-vojtecha-dyka\/","url":"https:\/\/www.karaoketexty.cz\/magazin\/bydleni-zpevaka-a-umelce-vojtecha-dyka\/","name":"Zp\u011bv\u00e1k Vojt\u011bch Dyk bydl\u00ed v luxusn\u00edm byt\u011b s v\u00fdhledem na Prahu","isPartOf":{"@id":"https:\/\/www.karaoketexty.cz\/magazin\/#website"},"primaryImageOfPage":{"@id":"https:\/\/www.karaoketexty.cz\/magazin\/bydleni-zpevaka-a-umelce-vojtecha-dyka\/#primaryimage"},"image":{"@id":"https:\/\/www.karaoketexty.cz\/magazin\/bydleni-zpevaka-a-umelce-vojtecha-dyka\/#primaryimage"},"thumbnailUrl":"https:\/\/www.karaoketexty.cz\/magazin\/wp-content\/uploads\/2026\/04\/vojta-dyk.jpg","datePublished":"2026-04-28T05:24:00+00:00","author":{"@id":"https:\/\/www.karaoketexty.cz\/magazin\/#\/schema\/person\/03220d610ed4cba378a72bac3443f821"},"description":"P\u011bti\u010dlenn\u00e1 rodina zp\u011bv\u00e1ka Vojt\u011bcha Dyka ob\u00fdv\u00e1 byt na pra\u017esk\u00fdch Vinohradech. A kdy\u017e zatou\u017e\u00ed po p\u0159\u00edrod\u011b, vyraz\u00ed na chalupu na \u0160umavu.","breadcrumb":{"@id":"https:\/\/www.karaoketexty.cz\/magazin\/bydleni-zpevaka-a-umelce-vojtecha-dyka\/#breadcrumb"},"inLanguage":"cs","potentialAction":[{"@type":"ReadAction","target":["https:\/\/www.karaoketexty.cz\/magazin\/bydleni-zpevaka-a-umelce-vojtecha-dyka\/"]}]},{"@type":"ImageObject","inLanguage":"cs","@id":"https:\/\/www.karaoketexty.cz\/magazin\/bydleni-zpevaka-a-umelce-vojtecha-dyka\/#primaryimage","url":"https:\/\/www.karaoketexty.cz\/magazin\/wp-content\/uploads\/2026\/04\/vojta-dyk.jpg","contentUrl":"https:\/\/www.karaoketexty.cz\/magazin\/wp-content\/uploads\/2026\/04\/vojta-dyk.jpg","width":1200,"height":903,"caption":"Foto: NextFoto, TK k\u00a0p\u0159edstaven\u00ed tane\u010dn\u00edch p\u00e1r\u016f 14. \u0159ady StarDance prob\u011bhla 21. 4. 2026 v budov\u011b \u010cesk\u00e9 televize na pra\u017esk\u00fdch Kav\u010d\u00edch hor\u00e1ch."},{"@type":"BreadcrumbList","@id":"https:\/\/www.karaoketexty.cz\/magazin\/bydleni-zpevaka-a-umelce-vojtecha-dyka\/#breadcrumb","itemListElement":[{"@type":"ListItem","position":1,"name":"Dom\u016f","item":"https:\/\/www.karaoketexty.cz\/magazin\/"},{"@type":"ListItem","position":2,"name":"Vojta Dyk a jeho luxusn\u00ed rezidence v Praze a chalupa v Ji\u017en\u00edch \u010cech\u00e1ch"}]},{"@type":"WebSite","@id":"https:\/\/www.karaoketexty.cz\/magazin\/#website","url":"https:\/\/www.karaoketexty.cz\/magazin\/","name":"Stars Magaz\u00edn Karaoketexty.cz","description":"Stars Magaz\u00edn na Karaoketexty.cz je zam\u011b\u0159en\u00fd na novinky ze sv\u011bta hudby a celebrit. Obsahuje \u010dl\u00e1nky o zp\u011bv\u00e1c\u00edch, kapel\u00e1ch, nov\u00fdch albech, hudebn\u00edch trendech a dal\u0161\u00edch zaj\u00edmavostech z hudebn\u00edho pr\u016fmyslu.","potentialAction":[{"@type":"SearchAction","target":{"@type":"EntryPoint","urlTemplate":"https:\/\/www.karaoketexty.cz\/magazin\/?s={search_term_string}"},"query-input":{"@type":"PropertyValueSpecification","valueRequired":true,"valueName":"search_term_string"}}],"inLanguage":"cs"},{"@type":"Person","@id":"https:\/\/www.karaoketexty.cz\/magazin\/#\/schema\/person\/03220d610ed4cba378a72bac3443f821","name":"Veronika \u0160imkov\u00e1","image":{"@type":"ImageObject","inLanguage":"cs","@id":"https:\/\/secure.gravatar.com\/avatar\/62af9cda83322200aaf20e60d0442fbca254ce18c0ffdcaaf83de31493c941a5?s=96&d=mm&r=g","url":"https:\/\/secure.gravatar.com\/avatar\/62af9cda83322200aaf20e60d0442fbca254ce18c0ffdcaaf83de31493c941a5?s=96&d=mm&r=g","contentUrl":"https:\/\/secure.gravatar.com\/avatar\/62af9cda83322200aaf20e60d0442fbca254ce18c0ffdcaaf83de31493c941a5?s=96&d=mm&r=g","caption":"Veronika \u0160imkov\u00e1"},"url":"https:\/\/www.karaoketexty.cz\/magazin\/author\/veronikasimkova\/"}]}},"_links":{"self":[{"href":"https:\/\/www.karaoketexty.cz\/magazin\/wp-json\/wp\/v2\/posts\/10638","targetHints":{"allow":["GET"]}}],"collection":[{"href":"https:\/\/www.karaoketexty.cz\/magazin\/wp-json\/wp\/v2\/posts"}],"about":[{"href":"https:\/\/www.karaoketexty.cz\/magazin\/wp-json\/wp\/v2\/types\/post"}],"author":[{"embeddable":true,"href":"https:\/\/www.karaoketexty.cz\/magazin\/wp-json\/wp\/v2\/users\/5"}],"replies":[{"embeddable":true,"href":"https:\/\/www.karaoketexty.cz\/magazin\/wp-json\/wp\/v2\/comments?post=10638"}],"version-history":[{"count":4,"href":"https:\/\/www.karaoketexty.cz\/magazin\/wp-json\/wp\/v2\/posts\/10638\/revisions"}],"predecessor-version":[{"id":10739,"href":"https:\/\/www.karaoketexty.cz\/magazin\/wp-json\/wp\/v2\/posts\/10638\/revisions\/10739"}],"wp:featuredmedia":[{"embeddable":true,"href":"https:\/\/www.karaoketexty.cz\/magazin\/wp-json\/wp\/v2\/media\/10639"}],"wp:attachment":[{"href":"https:\/\/www.karaoketexty.cz\/magazin\/wp-json\/wp\/v2\/media?parent=10638"}],"wp:term":[{"taxonomy":"category","embeddable":true,"href":"https:\/\/www.karaoketexty.cz\/magazin\/wp-json\/wp\/v2\/categories?post=10638"},{"taxonomy":"post_tag","embeddable":true,"href":"https:\/\/www.karaoketexty.cz\/magazin\/wp-json\/wp\/v2\/tags?post=10638"}],"curies":[{"name":"wp","href":"https:\/\/api.w.org\/{rel}","templated":true}]}}