{"id":10635,"date":"2026-05-02T07:30:00","date_gmt":"2026-05-02T05:30:00","guid":{"rendered":"https:\/\/www.karaoketexty.cz\/magazin\/?p=10635"},"modified":"2026-04-29T09:53:14","modified_gmt":"2026-04-29T07:53:14","slug":"lucie-bila-a-rytmus-spolu-ve-viralnim-videu-konecne-hvezdy-ktere-si-ze-sebe-umi-udelat-srandu","status":"publish","type":"post","link":"https:\/\/www.karaoketexty.cz\/magazin\/lucie-bila-a-rytmus-spolu-ve-viralnim-videu-konecne-hvezdy-ktere-si-ze-sebe-umi-udelat-srandu\/","title":{"rendered":"Lucie B\u00edl\u00e1 a Rytmus spolu ve vir\u00e1ln\u00edm videu: Kone\u010dn\u011b hv\u011bzdy, kter\u00e9 si ze sebe um\u00ed ud\u011blat srandu"},"content":{"rendered":"\n<p><strong>Spole\u010dn\u00e9 video Lucie B\u00edl\u00e9 a Rytmuse p\u0159ekvapilo fanou\u0161ky, rychle se \u0161\u00ed\u0159\u00ed internetem a ukazuje ob\u011b hv\u011bzdy v \u00fapln\u011b jin\u00e9, odleh\u010den\u00e9 poloze.<\/strong><\/p>\n\n\n\n<p>Podobn\u00e9 momenty jsou u zn\u00e1m\u00fdch hv\u011bzd velmi cenn\u00e9 a lid\u00e9 je miluj\u00ed. Kdy\u017e si toti\u017e ze sebe um\u00ed ud\u011blat legraci i celebrita, zah\u0159eje to u srdce. Fanou\u0161ci se pak sm\u011bj\u00ed s nimi a u\u017e\u00edvaj\u00ed si, kdy\u017e se odklon\u00ed od sv\u00e9 role, jak jsme si v redakci Karaoketexty.cz v\u0161imli.<\/p>\n\n\n<!-- karaoketexty.cz \/ rectangle2 -->\n<div id=\"PX_37086_709110796310826\"><\/div>\n<script>\n   if(!useMobileAds && !boolUseSeznamAds && !hideAllAds){\n     window.px2 = window.px2 || { conf: {},queue: [] };\n     px2.queue.push(function () {\n        px2.render({\n           slot: {\n              id: 37086\n           },\n            elem: \"PX_37086_709110796310826\"\n        })\n     });\n  }\n<\/script>\n\n<!-- karaoketexty.cz \/ mobile-rectangle3 -->\n<div id=\"PX_37044_714599773297004\"><\/div>\n<script>\n   if(useMobileAds && !boolUseSeznamAds && !hideAllAds){\nwindow.px2 = window.px2 || { conf: {},queue: [] };\npx2.queue.push(function () {\n\tpx2.render({\n\t\tslot: {\n\t\t\tid: 37044\n\t\t},\n\t\telem: \"PX_37044_714599773297004\"\n\t})\n});\n}\n<\/script>\n\n\n<h2 class=\"wp-block-heading\">Kr\u00e1lovna \u010desk\u00e9 sc\u00e9ny stoj\u00ed pevn\u011b na zemi<\/h2>\n\n\n\n<p>Lucie B\u00edl\u00e1 pat\u0159\u00ed u\u017e cel\u00e9 des\u00edtky let mezi na\u0161e nejzn\u00e1m\u011bj\u0161\u00ed zp\u011bva\u010dky. Jej\u00ed kari\u00e9ra je postaven\u00e1 na siln\u00e9m hlasu, v\u00fdrazn\u00e9 interpretaci a schopnosti bavit publikum r\u016fzn\u00e9ho v\u011bku. U\u017e mnoho let sb\u00edr\u00e1 ocen\u011bn\u00ed a jej\u00ed jm\u00e9no je spojen\u00e9 s absolutn\u00ed \u0161pi\u010dkou dom\u00e1c\u00ed popov\u00e9 sc\u00e9ny. Z\u00e1rove\u0148 ale nikdy nez\u016fstala jen u hudby. Vedle koncertov\u00e1n\u00ed se v\u011bnuje i podnik\u00e1n\u00ed a kulturn\u00edm projekt\u016fm, kter\u00e9 propojuj\u00ed jej\u00ed um\u011bleck\u00fd sv\u011bt s re\u00e1ln\u00fdm provozem.<\/p>\n\n\n\n<p>Obrovskou roli v jej\u00edm \u017eivot\u011b sehr\u00e1v\u00e1 rodina, kter\u00e1 je zapojen\u00e1 dokonce i do jej\u00edch projekt\u016f. Sama \u010dasto zd\u016fraz\u0148uje, \u017ee pr\u00e1v\u011b propojen\u00ed pr\u00e1ce a bl\u00edzk\u00fdch lid\u00ed j\u00ed d\u00e1v\u00e1 dlouhodobou stabilitu a klid. Odleh\u010den\u00ed j\u00ed v \u017eivot\u011b poskytuje pr\u00e1v\u011b partner Radek Filipi, kter\u00fd j\u00ed pom\u00e1h\u00e1 udr\u017eovat nadhled a humor, co\u017e sama \u010dasto ozna\u010duje za d\u016fle\u017eit\u00fd balanc k n\u00e1ro\u010dn\u00e9 profesi.<\/p>\n\n\n<!-- karaoketexty.cz \/ interscroller1 -->\n\n<div id=\"PX_37041_825057871452834\"><\/div>\n<script>\nif(useMobileAds && !boolUseSeznamAds && !hideAllAds){\n\twindow.px2 = window.px2 || { conf: {},queue: [] };\n\tpx2.queue.push(function () {\n\t\tpx2.render({\n\t\t\tslot: {\n\t\t\t\tid: 37041\n\t\t\t},\n\t\t\telem: \"PX_37041_825057871452834\"\n\t\t})\n\t});\n}\n<\/script>\n\n\n<p>Lucie B\u00edl\u00e1 si vytvo\u0159ila syst\u00e9m, kde m\u00e1 ka\u017ed\u00fd \u010dlen rodiny sv\u00e9 m\u00edsto. Divadeln\u00ed a organiza\u010dn\u00ed aktivity jsou \u010d\u00e1ste\u010dn\u011b rodinn\u00fdm projektem, d\u00edky \u010demu\u017e dr\u017e\u00ed v\u0161e pod kontrolou a m\u016f\u017ee tak pracovat s lidmi, kter\u00fdm na 100 % v\u011b\u0159\u00ed. K pr\u00e1ci p\u0159istupuje pragmaticky. U\u017e dlouho mluv\u00ed o tom, \u017ee je d\u016fle\u017eit\u00e9 m\u00edt v\u00edc jistot najednou, aby \u010dlov\u011bk nebyl z\u00e1visl\u00fd jen na jedn\u00e9 oblasti. Tento p\u0159\u00edstup j\u00ed pomohl p\u0159ekonat i dobu, kdy kultura trp\u011bla krizemi v dob\u011b pandemie.<\/p>\n\n\n\n<blockquote class=\"instagram-media\" data-instgrm-captioned data-instgrm-permalink=\"https:\/\/www.instagram.com\/reel\/DXKIHQijHCJ\/?utm_source=ig_embed&amp;utm_campaign=loading\" data-instgrm-version=\"14\" style=\" background:#FFF; border:0; border-radius:3px; box-shadow:0 0 1px 0 rgba(0,0,0,0.5),0 1px 10px 0 rgba(0,0,0,0.15); margin: 1px; max-width:540px; min-width:326px; padding:0; width:99.375%; width:-webkit-calc(100% - 2px); width:calc(100% - 2px);\"><div style=\"padding:16px;\"> <a href=\"https:\/\/www.instagram.com\/reel\/DXKIHQijHCJ\/?utm_source=ig_embed&amp;utm_campaign=loading\" style=\" background:#FFFFFF; line-height:0; padding:0 0; text-align:center; text-decoration:none; width:100%;\" target=\"_blank\"> <div style=\" display: flex; flex-direction: row; align-items: center;\"> <div style=\"background-color: #F4F4F4; border-radius: 50%; flex-grow: 0; height: 40px; margin-right: 14px; width: 40px;\"><\/div> <div style=\"display: flex; flex-direction: column; flex-grow: 1; justify-content: center;\"> <div style=\" background-color: #F4F4F4; border-radius: 4px; flex-grow: 0; height: 14px; margin-bottom: 6px; width: 100px;\"><\/div> <div style=\" background-color: #F4F4F4; border-radius: 4px; flex-grow: 0; height: 14px; width: 60px;\"><\/div><\/div><\/div><div style=\"padding: 19% 0;\"><\/div> <div style=\"display:block; height:50px; margin:0 auto 12px; width:50px;\"><svg width=\"50px\" height=\"50px\" viewBox=\"0 0 60 60\" version=\"1.1\" xmlns=\"https:\/\/www.w3.org\/2000\/svg\" xmlns:xlink=\"https:\/\/www.w3.org\/1999\/xlink\"><g stroke=\"none\" stroke-width=\"1\" fill=\"none\" fill-rule=\"evenodd\"><g transform=\"translate(-511.000000, -20.000000)\" fill=\"#000000\"><g><path d=\"M556.869,30.41 C554.814,30.41 553.148,32.076 553.148,34.131 C553.148,36.186 554.814,37.852 556.869,37.852 C558.924,37.852 560.59,36.186 560.59,34.131 C560.59,32.076 558.924,30.41 556.869,30.41 M541,60.657 C535.114,60.657 530.342,55.887 530.342,50 C530.342,44.114 535.114,39.342 541,39.342 C546.887,39.342 551.658,44.114 551.658,50 C551.658,55.887 546.887,60.657 541,60.657 M541,33.886 C532.1,33.886 524.886,41.1 524.886,50 C524.886,58.899 532.1,66.113 541,66.113 C549.9,66.113 557.115,58.899 557.115,50 C557.115,41.1 549.9,33.886 541,33.886 M565.378,62.101 C565.244,65.022 564.756,66.606 564.346,67.663 C563.803,69.06 563.154,70.057 562.106,71.106 C561.058,72.155 560.06,72.803 558.662,73.347 C557.607,73.757 556.021,74.244 553.102,74.378 C549.944,74.521 548.997,74.552 541,74.552 C533.003,74.552 532.056,74.521 528.898,74.378 C525.979,74.244 524.393,73.757 523.338,73.347 C521.94,72.803 520.942,72.155 519.894,71.106 C518.846,70.057 518.197,69.06 517.654,67.663 C517.244,66.606 516.755,65.022 516.623,62.101 C516.479,58.943 516.448,57.996 516.448,50 C516.448,42.003 516.479,41.056 516.623,37.899 C516.755,34.978 517.244,33.391 517.654,32.338 C518.197,30.938 518.846,29.942 519.894,28.894 C520.942,27.846 521.94,27.196 523.338,26.654 C524.393,26.244 525.979,25.756 528.898,25.623 C532.057,25.479 533.004,25.448 541,25.448 C548.997,25.448 549.943,25.479 553.102,25.623 C556.021,25.756 557.607,26.244 558.662,26.654 C560.06,27.196 561.058,27.846 562.106,28.894 C563.154,29.942 563.803,30.938 564.346,32.338 C564.756,33.391 565.244,34.978 565.378,37.899 C565.522,41.056 565.552,42.003 565.552,50 C565.552,57.996 565.522,58.943 565.378,62.101 M570.82,37.631 C570.674,34.438 570.167,32.258 569.425,30.349 C568.659,28.377 567.633,26.702 565.965,25.035 C564.297,23.368 562.623,22.342 560.652,21.575 C558.743,20.834 556.562,20.326 553.369,20.18 C550.169,20.033 549.148,20 541,20 C532.853,20 531.831,20.033 528.631,20.18 C525.438,20.326 523.257,20.834 521.349,21.575 C519.376,22.342 517.703,23.368 516.035,25.035 C514.368,26.702 513.342,28.377 512.574,30.349 C511.834,32.258 511.326,34.438 511.181,37.631 C511.035,40.831 511,41.851 511,50 C511,58.147 511.035,59.17 511.181,62.369 C511.326,65.562 511.834,67.743 512.574,69.651 C513.342,71.625 514.368,73.296 516.035,74.965 C517.703,76.634 519.376,77.658 521.349,78.425 C523.257,79.167 525.438,79.673 528.631,79.82 C531.831,79.965 532.853,80.001 541,80.001 C549.148,80.001 550.169,79.965 553.369,79.82 C556.562,79.673 558.743,79.167 560.652,78.425 C562.623,77.658 564.297,76.634 565.965,74.965 C567.633,73.296 568.659,71.625 569.425,69.651 C570.167,67.743 570.674,65.562 570.82,62.369 C570.966,59.17 571,58.147 571,50 C571,41.851 570.966,40.831 570.82,37.631\"><\/path><\/g><\/g><\/g><\/svg><\/div><div style=\"padding-top: 8px;\"> <div style=\" color:#3897f0; font-family:Arial,sans-serif; font-size:14px; font-style:normal; font-weight:550; line-height:18px;\">Zobrazit p\u0159\u00edsp\u011bvek na Instagramu<\/div><\/div><div style=\"padding: 12.5% 0;\"><\/div> <div style=\"display: flex; flex-direction: row; margin-bottom: 14px; align-items: center;\"><div> <div style=\"background-color: #F4F4F4; border-radius: 50%; height: 12.5px; width: 12.5px; transform: translateX(0px) translateY(7px);\"><\/div> <div style=\"background-color: #F4F4F4; height: 12.5px; transform: rotate(-45deg) translateX(3px) translateY(1px); width: 12.5px; flex-grow: 0; margin-right: 14px; margin-left: 2px;\"><\/div> <div style=\"background-color: #F4F4F4; border-radius: 50%; height: 12.5px; width: 12.5px; transform: translateX(9px) translateY(-18px);\"><\/div><\/div><div style=\"margin-left: 8px;\"> <div style=\" background-color: #F4F4F4; border-radius: 50%; flex-grow: 0; height: 20px; width: 20px;\"><\/div> <div style=\" width: 0; height: 0; border-top: 2px solid transparent; border-left: 6px solid #f4f4f4; border-bottom: 2px solid transparent; transform: translateX(16px) translateY(-4px) rotate(30deg)\"><\/div><\/div><div style=\"margin-left: auto;\"> <div style=\" width: 0px; border-top: 8px solid #F4F4F4; border-right: 8px solid transparent; transform: translateY(16px);\"><\/div> <div style=\" background-color: #F4F4F4; flex-grow: 0; height: 12px; width: 16px; transform: translateY(-4px);\"><\/div> <div style=\" width: 0; height: 0; border-top: 8px solid #F4F4F4; border-left: 8px solid transparent; transform: translateY(-4px) translateX(8px);\"><\/div><\/div><\/div> <div style=\"display: flex; flex-direction: column; flex-grow: 1; justify-content: center; margin-bottom: 24px;\"> <div style=\" background-color: #F4F4F4; border-radius: 4px; flex-grow: 0; height: 14px; margin-bottom: 6px; width: 224px;\"><\/div> <div style=\" background-color: #F4F4F4; border-radius: 4px; flex-grow: 0; height: 14px; width: 144px;\"><\/div><\/div><\/a><p style=\" color:#c9c8cd; font-family:Arial,sans-serif; font-size:14px; line-height:17px; margin-bottom:0; margin-top:8px; overflow:hidden; padding:8px 0 7px; text-align:center; text-overflow:ellipsis; white-space:nowrap;\"><a href=\"https:\/\/www.instagram.com\/reel\/DXKIHQijHCJ\/?utm_source=ig_embed&amp;utm_campaign=loading\" style=\" color:#c9c8cd; font-family:Arial,sans-serif; font-size:14px; font-style:normal; font-weight:normal; line-height:17px; text-decoration:none;\" target=\"_blank\">P\u0159\u00edsp\u011bvek sd\u00edlen\u00fd Tom\u00e1\u0161 Rajchl (@tomasrajchl)<\/a><\/p><\/div><\/blockquote>\n<script async src=\"\/\/www.instagram.com\/embed.js\"><\/script>\n\n\n\n<h2 class=\"wp-block-heading\">Rytmus a st\u0159et dvou hudebn\u00edch sv\u011bt\u016f<\/h2>\n\n\n\n<p>Rytmus je jednou z nejv\u00fdrazn\u011bj\u0161\u00edch postav slovensk\u00e9 hiphopov\u00e9 sc\u00e9ny. Je spojen\u00fd s tvrd\u0161\u00edm rapem, v\u00fdrazn\u00fdm projevem a vlivem na v\u00fdvoj tohoto \u017e\u00e1nru v zemi. Jeho spojen\u00ed s Luci\u00ed B\u00edlou v jednom vir\u00e1ln\u00edm videu vyvolalo p\u0159ekvapen\u00ed i pobaven\u00ed. Dva naprosto odli\u0161n\u00ed lid\u00e9 se ocitli v jednom komick\u00e9m konceptu, kter\u00fd uk\u00e1zal jejich neform\u00e1ln\u00ed str\u00e1nku a lidskost. Video rychle zaplavilo soci\u00e1ln\u00ed s\u00edt\u011b a fanou\u0161ci oce\u0148ovali hlavn\u011b to, \u017ee ob\u011b hv\u011bzdy se neb\u00e1ly ud\u011blat si legraci samy ze sebe.<\/p>\n\n\n\n<h2 class=\"wp-block-heading\">Narozeniny s nadhledem: vir\u00e1ln\u00ed sc\u00e9nka bav\u00ed statis\u00edce<\/h2>\n\n\n\n<p>Ned\u00e1vno oslavila Lucie B\u00edl\u00e1 kulat\u00e9 \u017eivotn\u00ed jubileum v podob\u011b 60. narozenin a rozhodla se k n\u011bmu p\u0159istoupit s nadhledem a humorem. D\u016fkazem je i kr\u00e1tk\u00e9 video, kter\u00e9 zve\u0159ejnili jej\u00ed bl\u00edzc\u00ed a kter\u00e9 se okam\u017eit\u011b za\u010dalo \u0161\u00ed\u0159it internetem. Sc\u00e9nka je stylizovan\u00e1 jako narozeninov\u00e1 oslava s dortem, p\u0159i n\u00ed\u017e si zp\u011bva\u010dka d\u011bl\u00e1 legraci sama ze sebe.<\/p>\n\n\n\n<p>Do videa se zapojili i jej\u00ed nejbli\u017e\u0161\u00ed, v\u010detn\u011b man\u017eela Radka Filipiho, a nechyb\u011bla ani zn\u00e1m\u00e1 jm\u00e9na \u010desk\u00e9 a slovensk\u00e9 sc\u00e9ny. Jedn\u00edm z hlavn\u00edch moment\u016f klipu je pak telefonick\u00fd rozhovor. Kolem jednoho z \u010dlen\u016f zp\u011bva\u010d\u010dina t\u00fdmu proch\u00e1z\u00ed Rytmus a spont\u00e1nn\u011b komentuje jeho auto slovy: <em>\u201eDobr\u00e1 k\u00e1ra, kamo\u0161.\u201c<\/em> N\u00e1sleduje rychl\u00e1 v\u00fdm\u011bna, kdy druh\u00e1 strana reaguje, \u017ee nejde o auto, ale kancel\u00e1\u0159. Rytmus je\u0161t\u011b prohod\u00ed hl\u00e1\u0161ku o bavor\u00e1\u010dku a cel\u00e1 situace vrchol\u00ed ve chv\u00edli, kdy dojde k z\u00e1m\u011bn\u011b jmen a vznikne drobn\u00e9 nedorozum\u011bn\u00ed. Do cel\u00e9 sc\u00e9nky je tak zapojen i Ben Cristovao.<\/p>\n\n\n\n<p>Zdroj: Autorsk\u00fd text, <a href=\"https:\/\/cs.wikipedia.org\/wiki\/Rytmus_(rapper)\" target=\"_blank\" rel=\"noreferrer noopener nofollow\">Wikipedie<\/a>, <a href=\"https:\/\/cs.wikipedia.org\/wiki\/Lucie_B%C3%ADl%C3%A1\" target=\"_blank\" rel=\"noreferrer noopener nofollow\">Wikipedie<\/a>, <a href=\"https:\/\/www.idnes.cz\/kultura\/divadlo\/muzikal-obycejna-holka-lucie-bila-divadlo-prochazka-dvojrole-filip-kratochvil.A260323_143520_divadlo_lysa\" target=\"_blank\" rel=\"noreferrer noopener nofollow\">iDnes<\/a>, <a href=\"https:\/\/www.instagram.com\/p\/DXKIHQijHCJ\/\" target=\"_blank\" rel=\"noreferrer noopener nofollow\">Instagram LucieB\u00edl\u00e1<\/a><\/p>\n\n\n            <a href=\"https:\/\/www.karaoketexty.cz\/magazin\/v-ostrelovane-dubaji-maji-investice-za-miliony-mnohe-celebrity-rytmus-simona-krainova-i-richard-krajco\/\" class=\"related-post-link\">\n                <div class=\"post-thumbnail\">\n                    <img decoding=\"async\" width=\"250\" height=\"141\" src=\"https:\/\/www.karaoketexty.cz\/magazin\/wp-content\/uploads\/2025\/12\/richard-krajco-zivot.jpg\" class=\"attachment-250x180 size-250x180 not-transparent\" alt=\"Richard Kraj\u010do \u017eivot\" srcset=\"https:\/\/www.karaoketexty.cz\/magazin\/wp-content\/uploads\/2025\/12\/richard-krajco-zivot.jpg 1200w, https:\/\/www.karaoketexty.cz\/magazin\/wp-content\/uploads\/2025\/12\/richard-krajco-zivot-300x169.jpg 300w, https:\/\/www.karaoketexty.cz\/magazin\/wp-content\/uploads\/2025\/12\/richard-krajco-zivot-1024x576.jpg 1024w, https:\/\/www.karaoketexty.cz\/magazin\/wp-content\/uploads\/2025\/12\/richard-krajco-zivot-768x432.jpg 768w, https:\/\/www.karaoketexty.cz\/magazin\/wp-content\/uploads\/2025\/12\/richard-krajco-zivot-800x450.jpg 800w\" sizes=\"(max-width: 250px) 100vw, 250px\" data-has-transparency=\"false\" data-dominant-color=\"575453\" style=\"--dominant-color: #575453;\" \/>                <\/div>\n                <div class=\"post-details\">\n                    <span class=\"also-read\">\u010ct\u011bte tak\u00e9:<\/span>\n                    <h3 class=\"hed\">V ost\u0159elovan\u00e9\u00a0Dubaji maj\u00ed investice za miliony mnoh\u00e9 celebrity: Rytmus, Simona Krainov\u00e1 i Richard Kraj\u010do<\/h3>\n                <\/div>\n            <\/a>\n            \n\n            <a href=\"https:\/\/www.karaoketexty.cz\/magazin\/tajemstvi-radka-filipiho-proc-se-manzel-lucie-bile-distancoval-od-otce\/\" class=\"related-post-link\">\n                <div class=\"post-thumbnail\">\n                    <img decoding=\"async\" width=\"250\" height=\"141\" src=\"https:\/\/www.karaoketexty.cz\/magazin\/wp-content\/uploads\/2026\/04\/radek-filipi.jpg\" class=\"attachment-250x180 size-250x180 not-transparent\" alt=\"Radek Filipi\" srcset=\"https:\/\/www.karaoketexty.cz\/magazin\/wp-content\/uploads\/2026\/04\/radek-filipi.jpg 1200w, https:\/\/www.karaoketexty.cz\/magazin\/wp-content\/uploads\/2026\/04\/radek-filipi-300x169.jpg 300w, https:\/\/www.karaoketexty.cz\/magazin\/wp-content\/uploads\/2026\/04\/radek-filipi-1024x576.jpg 1024w, https:\/\/www.karaoketexty.cz\/magazin\/wp-content\/uploads\/2026\/04\/radek-filipi-768x432.jpg 768w, https:\/\/www.karaoketexty.cz\/magazin\/wp-content\/uploads\/2026\/04\/radek-filipi-800x450.jpg 800w\" sizes=\"(max-width: 250px) 100vw, 250px\" data-has-transparency=\"false\" data-dominant-color=\"675d56\" style=\"--dominant-color: #675d56;\" \/>                <\/div>\n                <div class=\"post-details\">\n                    <span class=\"also-read\">\u010ct\u011bte tak\u00e9:<\/span>\n                    <h3 class=\"hed\">Tajemstv\u00ed Radka Filipiho: Pro\u010d se man\u017eel Lucie B\u00edl\u00e9 distancoval od otce<\/h3>\n                <\/div>\n            <\/a>\n            ","protected":false},"excerpt":{"rendered":"<p>Spole\u010dn\u00e9 video Lucie B\u00edl\u00e9 a Rytmuse p\u0159ekvapilo fanou\u0161ky, rychle se \u0161\u00ed\u0159\u00ed internetem a ukazuje ob\u011b hv\u011bzdy v \u00fapln\u011b jin\u00e9, odleh\u010den\u00e9 poloze.<\/p>\n","protected":false},"author":5,"featured_media":9952,"comment_status":"open","ping_status":"closed","sticky":false,"template":"","format":"standard","meta":{"_yoast_wpseo_title":"Lucie B\u00edl\u00e1 a Rytmus spolu ve vir\u00e1ln\u00edm videu. V\u0161echny pobavili","_yoast_wpseo_metadesc":"Spole\u010dn\u00e9 video Lucie B\u00edl\u00e9 a Rytmuse p\u0159ekvapilo fanou\u0161ky, rychle se \u0161\u00ed\u0159\u00ed internetem a ukazuje ob\u011b hv\u011bzdy v \u00fapln\u011b jin\u00e9, odleh\u010den\u00e9 poloze.","footnotes":""},"categories":[1059],"tags":[2841,378,7425,4402,693,1075,58,332,5114,2668,7426,657],"class_list":["post-10635","post","type-post","status-publish","format-standard","has-post-thumbnail","hentry","category-celebrity","tag-ben-cristovao","tag-celebrity","tag-ceska-popova-scena","tag-hudebni-projekt","tag-humor","tag-komedie","tag-lucie-bila","tag-narozeniny","tag-radek-filipi","tag-rytmus","tag-slovensky-hiphop","tag-viralni-video"],"yoast_head":"<!-- This site is optimized with the Yoast SEO plugin v27.5 - https:\/\/yoast.com\/product\/yoast-seo-wordpress\/ -->\n<title>Lucie B\u00edl\u00e1 a Rytmus spolu ve vir\u00e1ln\u00edm videu. V\u0161echny pobavili<\/title>\n<meta name=\"description\" content=\"Spole\u010dn\u00e9 video Lucie B\u00edl\u00e9 a Rytmuse p\u0159ekvapilo fanou\u0161ky, rychle se \u0161\u00ed\u0159\u00ed internetem a ukazuje ob\u011b hv\u011bzdy v \u00fapln\u011b jin\u00e9, odleh\u010den\u00e9 poloze.\" \/>\n<meta name=\"robots\" content=\"index, follow, max-snippet:-1, max-image-preview:large, max-video-preview:-1\" \/>\n<link rel=\"canonical\" href=\"https:\/\/www.karaoketexty.cz\/magazin\/lucie-bila-a-rytmus-spolu-ve-viralnim-videu-konecne-hvezdy-ktere-si-ze-sebe-umi-udelat-srandu\/\" \/>\n<meta property=\"og:locale\" content=\"cs_CZ\" \/>\n<meta property=\"og:type\" content=\"article\" \/>\n<meta property=\"og:title\" content=\"Lucie B\u00edl\u00e1 a Rytmus spolu ve vir\u00e1ln\u00edm videu. V\u0161echny pobavili\" \/>\n<meta property=\"og:description\" content=\"Spole\u010dn\u00e9 video Lucie B\u00edl\u00e9 a Rytmuse p\u0159ekvapilo fanou\u0161ky, rychle se \u0161\u00ed\u0159\u00ed internetem a ukazuje ob\u011b hv\u011bzdy v \u00fapln\u011b jin\u00e9, odleh\u010den\u00e9 poloze.\" \/>\n<meta property=\"og:url\" content=\"https:\/\/www.karaoketexty.cz\/magazin\/lucie-bila-a-rytmus-spolu-ve-viralnim-videu-konecne-hvezdy-ktere-si-ze-sebe-umi-udelat-srandu\/\" \/>\n<meta property=\"og:site_name\" content=\"Stars Magaz\u00edn Karaoketexty.cz\" \/>\n<meta property=\"article:published_time\" content=\"2026-05-02T05:30:00+00:00\" \/>\n<meta property=\"og:image\" content=\"https:\/\/www.karaoketexty.cz\/magazin\/wp-content\/uploads\/2026\/04\/lucie-bila-desatero.jpg\" \/>\n\t<meta property=\"og:image:width\" content=\"1200\" \/>\n\t<meta property=\"og:image:height\" content=\"675\" \/>\n\t<meta property=\"og:image:type\" content=\"image\/jpeg\" \/>\n<meta name=\"author\" content=\"Veronika \u0160imkov\u00e1\" \/>\n<meta name=\"twitter:card\" content=\"summary_large_image\" \/>\n<meta name=\"twitter:label1\" content=\"Napsal(a)\" \/>\n\t<meta name=\"twitter:data1\" content=\"Veronika \u0160imkov\u00e1\" \/>\n\t<meta name=\"twitter:label2\" content=\"Odhadovan\u00e1 doba \u010dten\u00ed\" \/>\n\t<meta name=\"twitter:data2\" content=\"4 minuty\" \/>\n<script type=\"application\/ld+json\" class=\"yoast-schema-graph\">{\"@context\":\"https:\\\/\\\/schema.org\",\"@graph\":[{\"@type\":\"Article\",\"@id\":\"https:\\\/\\\/www.karaoketexty.cz\\\/magazin\\\/lucie-bila-a-rytmus-spolu-ve-viralnim-videu-konecne-hvezdy-ktere-si-ze-sebe-umi-udelat-srandu\\\/#article\",\"isPartOf\":{\"@id\":\"https:\\\/\\\/www.karaoketexty.cz\\\/magazin\\\/lucie-bila-a-rytmus-spolu-ve-viralnim-videu-konecne-hvezdy-ktere-si-ze-sebe-umi-udelat-srandu\\\/\"},\"author\":{\"name\":\"Veronika \u0160imkov\u00e1\",\"@id\":\"https:\\\/\\\/www.karaoketexty.cz\\\/magazin\\\/#\\\/schema\\\/person\\\/03220d610ed4cba378a72bac3443f821\"},\"headline\":\"Lucie B\u00edl\u00e1 a Rytmus spolu ve vir\u00e1ln\u00edm videu: Kone\u010dn\u011b hv\u011bzdy, kter\u00e9 si ze sebe um\u00ed ud\u011blat srandu\",\"datePublished\":\"2026-05-02T05:30:00+00:00\",\"mainEntityOfPage\":{\"@id\":\"https:\\\/\\\/www.karaoketexty.cz\\\/magazin\\\/lucie-bila-a-rytmus-spolu-ve-viralnim-videu-konecne-hvezdy-ktere-si-ze-sebe-umi-udelat-srandu\\\/\"},\"wordCount\":707,\"commentCount\":0,\"image\":{\"@id\":\"https:\\\/\\\/www.karaoketexty.cz\\\/magazin\\\/lucie-bila-a-rytmus-spolu-ve-viralnim-videu-konecne-hvezdy-ktere-si-ze-sebe-umi-udelat-srandu\\\/#primaryimage\"},\"thumbnailUrl\":\"https:\\\/\\\/www.karaoketexty.cz\\\/magazin\\\/wp-content\\\/uploads\\\/2026\\\/04\\\/lucie-bila-desatero.jpg\",\"keywords\":[\"Ben Cristovao\",\"celebrity\",\"\u010desk\u00e1 popov\u00e1 sc\u00e9na\",\"hudebn\u00ed projekt\",\"humor\",\"komedie\",\"Lucie B\u00edl\u00e1\",\"Narozeniny\",\"Radek Filipi\",\"Rytmus\",\"slovensk\u00fd hiphop\",\"vir\u00e1ln\u00ed video\"],\"articleSection\":[\"Celebrity\"],\"inLanguage\":\"cs\",\"potentialAction\":[{\"@type\":\"CommentAction\",\"name\":\"Comment\",\"target\":[\"https:\\\/\\\/www.karaoketexty.cz\\\/magazin\\\/lucie-bila-a-rytmus-spolu-ve-viralnim-videu-konecne-hvezdy-ktere-si-ze-sebe-umi-udelat-srandu\\\/#respond\"]}]},{\"@type\":\"WebPage\",\"@id\":\"https:\\\/\\\/www.karaoketexty.cz\\\/magazin\\\/lucie-bila-a-rytmus-spolu-ve-viralnim-videu-konecne-hvezdy-ktere-si-ze-sebe-umi-udelat-srandu\\\/\",\"url\":\"https:\\\/\\\/www.karaoketexty.cz\\\/magazin\\\/lucie-bila-a-rytmus-spolu-ve-viralnim-videu-konecne-hvezdy-ktere-si-ze-sebe-umi-udelat-srandu\\\/\",\"name\":\"Lucie B\u00edl\u00e1 a Rytmus spolu ve vir\u00e1ln\u00edm videu. V\u0161echny pobavili\",\"isPartOf\":{\"@id\":\"https:\\\/\\\/www.karaoketexty.cz\\\/magazin\\\/#website\"},\"primaryImageOfPage\":{\"@id\":\"https:\\\/\\\/www.karaoketexty.cz\\\/magazin\\\/lucie-bila-a-rytmus-spolu-ve-viralnim-videu-konecne-hvezdy-ktere-si-ze-sebe-umi-udelat-srandu\\\/#primaryimage\"},\"image\":{\"@id\":\"https:\\\/\\\/www.karaoketexty.cz\\\/magazin\\\/lucie-bila-a-rytmus-spolu-ve-viralnim-videu-konecne-hvezdy-ktere-si-ze-sebe-umi-udelat-srandu\\\/#primaryimage\"},\"thumbnailUrl\":\"https:\\\/\\\/www.karaoketexty.cz\\\/magazin\\\/wp-content\\\/uploads\\\/2026\\\/04\\\/lucie-bila-desatero.jpg\",\"datePublished\":\"2026-05-02T05:30:00+00:00\",\"author\":{\"@id\":\"https:\\\/\\\/www.karaoketexty.cz\\\/magazin\\\/#\\\/schema\\\/person\\\/03220d610ed4cba378a72bac3443f821\"},\"description\":\"Spole\u010dn\u00e9 video Lucie B\u00edl\u00e9 a Rytmuse p\u0159ekvapilo fanou\u0161ky, rychle se \u0161\u00ed\u0159\u00ed internetem a ukazuje ob\u011b hv\u011bzdy v \u00fapln\u011b jin\u00e9, odleh\u010den\u00e9 poloze.\",\"breadcrumb\":{\"@id\":\"https:\\\/\\\/www.karaoketexty.cz\\\/magazin\\\/lucie-bila-a-rytmus-spolu-ve-viralnim-videu-konecne-hvezdy-ktere-si-ze-sebe-umi-udelat-srandu\\\/#breadcrumb\"},\"inLanguage\":\"cs\",\"potentialAction\":[{\"@type\":\"ReadAction\",\"target\":[\"https:\\\/\\\/www.karaoketexty.cz\\\/magazin\\\/lucie-bila-a-rytmus-spolu-ve-viralnim-videu-konecne-hvezdy-ktere-si-ze-sebe-umi-udelat-srandu\\\/\"]}]},{\"@type\":\"ImageObject\",\"inLanguage\":\"cs\",\"@id\":\"https:\\\/\\\/www.karaoketexty.cz\\\/magazin\\\/lucie-bila-a-rytmus-spolu-ve-viralnim-videu-konecne-hvezdy-ktere-si-ze-sebe-umi-udelat-srandu\\\/#primaryimage\",\"url\":\"https:\\\/\\\/www.karaoketexty.cz\\\/magazin\\\/wp-content\\\/uploads\\\/2026\\\/04\\\/lucie-bila-desatero.jpg\",\"contentUrl\":\"https:\\\/\\\/www.karaoketexty.cz\\\/magazin\\\/wp-content\\\/uploads\\\/2026\\\/04\\\/lucie-bila-desatero.jpg\",\"width\":1200,\"height\":675,\"caption\":\"Fotografie: Nextfoto\"},{\"@type\":\"BreadcrumbList\",\"@id\":\"https:\\\/\\\/www.karaoketexty.cz\\\/magazin\\\/lucie-bila-a-rytmus-spolu-ve-viralnim-videu-konecne-hvezdy-ktere-si-ze-sebe-umi-udelat-srandu\\\/#breadcrumb\",\"itemListElement\":[{\"@type\":\"ListItem\",\"position\":1,\"name\":\"Dom\u016f\",\"item\":\"https:\\\/\\\/www.karaoketexty.cz\\\/magazin\\\/\"},{\"@type\":\"ListItem\",\"position\":2,\"name\":\"Lucie B\u00edl\u00e1 a Rytmus spolu ve vir\u00e1ln\u00edm videu: Kone\u010dn\u011b hv\u011bzdy, kter\u00e9 si ze sebe um\u00ed ud\u011blat srandu\"}]},{\"@type\":\"WebSite\",\"@id\":\"https:\\\/\\\/www.karaoketexty.cz\\\/magazin\\\/#website\",\"url\":\"https:\\\/\\\/www.karaoketexty.cz\\\/magazin\\\/\",\"name\":\"Stars Magaz\u00edn Karaoketexty.cz\",\"description\":\"Stars Magaz\u00edn na Karaoketexty.cz je zam\u011b\u0159en\u00fd na novinky ze sv\u011bta hudby a celebrit. Obsahuje \u010dl\u00e1nky o zp\u011bv\u00e1c\u00edch, kapel\u00e1ch, nov\u00fdch albech, hudebn\u00edch trendech a dal\u0161\u00edch zaj\u00edmavostech z hudebn\u00edho pr\u016fmyslu.\",\"potentialAction\":[{\"@type\":\"SearchAction\",\"target\":{\"@type\":\"EntryPoint\",\"urlTemplate\":\"https:\\\/\\\/www.karaoketexty.cz\\\/magazin\\\/?s={search_term_string}\"},\"query-input\":{\"@type\":\"PropertyValueSpecification\",\"valueRequired\":true,\"valueName\":\"search_term_string\"}}],\"inLanguage\":\"cs\"},{\"@type\":\"Person\",\"@id\":\"https:\\\/\\\/www.karaoketexty.cz\\\/magazin\\\/#\\\/schema\\\/person\\\/03220d610ed4cba378a72bac3443f821\",\"name\":\"Veronika \u0160imkov\u00e1\",\"image\":{\"@type\":\"ImageObject\",\"inLanguage\":\"cs\",\"@id\":\"https:\\\/\\\/secure.gravatar.com\\\/avatar\\\/62af9cda83322200aaf20e60d0442fbca254ce18c0ffdcaaf83de31493c941a5?s=96&d=mm&r=g\",\"url\":\"https:\\\/\\\/secure.gravatar.com\\\/avatar\\\/62af9cda83322200aaf20e60d0442fbca254ce18c0ffdcaaf83de31493c941a5?s=96&d=mm&r=g\",\"contentUrl\":\"https:\\\/\\\/secure.gravatar.com\\\/avatar\\\/62af9cda83322200aaf20e60d0442fbca254ce18c0ffdcaaf83de31493c941a5?s=96&d=mm&r=g\",\"caption\":\"Veronika \u0160imkov\u00e1\"},\"url\":\"https:\\\/\\\/www.karaoketexty.cz\\\/magazin\\\/author\\\/veronikasimkova\\\/\"}]}<\/script>\n<!-- \/ Yoast SEO plugin. -->","yoast_head_json":{"title":"Lucie B\u00edl\u00e1 a Rytmus spolu ve vir\u00e1ln\u00edm videu. V\u0161echny pobavili","description":"Spole\u010dn\u00e9 video Lucie B\u00edl\u00e9 a Rytmuse p\u0159ekvapilo fanou\u0161ky, rychle se \u0161\u00ed\u0159\u00ed internetem a ukazuje ob\u011b hv\u011bzdy v \u00fapln\u011b jin\u00e9, odleh\u010den\u00e9 poloze.","robots":{"index":"index","follow":"follow","max-snippet":"max-snippet:-1","max-image-preview":"max-image-preview:large","max-video-preview":"max-video-preview:-1"},"canonical":"https:\/\/www.karaoketexty.cz\/magazin\/lucie-bila-a-rytmus-spolu-ve-viralnim-videu-konecne-hvezdy-ktere-si-ze-sebe-umi-udelat-srandu\/","og_locale":"cs_CZ","og_type":"article","og_title":"Lucie B\u00edl\u00e1 a Rytmus spolu ve vir\u00e1ln\u00edm videu. V\u0161echny pobavili","og_description":"Spole\u010dn\u00e9 video Lucie B\u00edl\u00e9 a Rytmuse p\u0159ekvapilo fanou\u0161ky, rychle se \u0161\u00ed\u0159\u00ed internetem a ukazuje ob\u011b hv\u011bzdy v \u00fapln\u011b jin\u00e9, odleh\u010den\u00e9 poloze.","og_url":"https:\/\/www.karaoketexty.cz\/magazin\/lucie-bila-a-rytmus-spolu-ve-viralnim-videu-konecne-hvezdy-ktere-si-ze-sebe-umi-udelat-srandu\/","og_site_name":"Stars Magaz\u00edn Karaoketexty.cz","article_published_time":"2026-05-02T05:30:00+00:00","og_image":[{"width":1200,"height":675,"url":"https:\/\/www.karaoketexty.cz\/magazin\/wp-content\/uploads\/2026\/04\/lucie-bila-desatero.jpg","type":"image\/jpeg"}],"author":"Veronika \u0160imkov\u00e1","twitter_card":"summary_large_image","twitter_misc":{"Napsal(a)":"Veronika \u0160imkov\u00e1","Odhadovan\u00e1 doba \u010dten\u00ed":"4 minuty"},"schema":{"@context":"https:\/\/schema.org","@graph":[{"@type":"Article","@id":"https:\/\/www.karaoketexty.cz\/magazin\/lucie-bila-a-rytmus-spolu-ve-viralnim-videu-konecne-hvezdy-ktere-si-ze-sebe-umi-udelat-srandu\/#article","isPartOf":{"@id":"https:\/\/www.karaoketexty.cz\/magazin\/lucie-bila-a-rytmus-spolu-ve-viralnim-videu-konecne-hvezdy-ktere-si-ze-sebe-umi-udelat-srandu\/"},"author":{"name":"Veronika \u0160imkov\u00e1","@id":"https:\/\/www.karaoketexty.cz\/magazin\/#\/schema\/person\/03220d610ed4cba378a72bac3443f821"},"headline":"Lucie B\u00edl\u00e1 a Rytmus spolu ve vir\u00e1ln\u00edm videu: Kone\u010dn\u011b hv\u011bzdy, kter\u00e9 si ze sebe um\u00ed ud\u011blat srandu","datePublished":"2026-05-02T05:30:00+00:00","mainEntityOfPage":{"@id":"https:\/\/www.karaoketexty.cz\/magazin\/lucie-bila-a-rytmus-spolu-ve-viralnim-videu-konecne-hvezdy-ktere-si-ze-sebe-umi-udelat-srandu\/"},"wordCount":707,"commentCount":0,"image":{"@id":"https:\/\/www.karaoketexty.cz\/magazin\/lucie-bila-a-rytmus-spolu-ve-viralnim-videu-konecne-hvezdy-ktere-si-ze-sebe-umi-udelat-srandu\/#primaryimage"},"thumbnailUrl":"https:\/\/www.karaoketexty.cz\/magazin\/wp-content\/uploads\/2026\/04\/lucie-bila-desatero.jpg","keywords":["Ben Cristovao","celebrity","\u010desk\u00e1 popov\u00e1 sc\u00e9na","hudebn\u00ed projekt","humor","komedie","Lucie B\u00edl\u00e1","Narozeniny","Radek Filipi","Rytmus","slovensk\u00fd hiphop","vir\u00e1ln\u00ed video"],"articleSection":["Celebrity"],"inLanguage":"cs","potentialAction":[{"@type":"CommentAction","name":"Comment","target":["https:\/\/www.karaoketexty.cz\/magazin\/lucie-bila-a-rytmus-spolu-ve-viralnim-videu-konecne-hvezdy-ktere-si-ze-sebe-umi-udelat-srandu\/#respond"]}]},{"@type":"WebPage","@id":"https:\/\/www.karaoketexty.cz\/magazin\/lucie-bila-a-rytmus-spolu-ve-viralnim-videu-konecne-hvezdy-ktere-si-ze-sebe-umi-udelat-srandu\/","url":"https:\/\/www.karaoketexty.cz\/magazin\/lucie-bila-a-rytmus-spolu-ve-viralnim-videu-konecne-hvezdy-ktere-si-ze-sebe-umi-udelat-srandu\/","name":"Lucie B\u00edl\u00e1 a Rytmus spolu ve vir\u00e1ln\u00edm videu. V\u0161echny pobavili","isPartOf":{"@id":"https:\/\/www.karaoketexty.cz\/magazin\/#website"},"primaryImageOfPage":{"@id":"https:\/\/www.karaoketexty.cz\/magazin\/lucie-bila-a-rytmus-spolu-ve-viralnim-videu-konecne-hvezdy-ktere-si-ze-sebe-umi-udelat-srandu\/#primaryimage"},"image":{"@id":"https:\/\/www.karaoketexty.cz\/magazin\/lucie-bila-a-rytmus-spolu-ve-viralnim-videu-konecne-hvezdy-ktere-si-ze-sebe-umi-udelat-srandu\/#primaryimage"},"thumbnailUrl":"https:\/\/www.karaoketexty.cz\/magazin\/wp-content\/uploads\/2026\/04\/lucie-bila-desatero.jpg","datePublished":"2026-05-02T05:30:00+00:00","author":{"@id":"https:\/\/www.karaoketexty.cz\/magazin\/#\/schema\/person\/03220d610ed4cba378a72bac3443f821"},"description":"Spole\u010dn\u00e9 video Lucie B\u00edl\u00e9 a Rytmuse p\u0159ekvapilo fanou\u0161ky, rychle se \u0161\u00ed\u0159\u00ed internetem a ukazuje ob\u011b hv\u011bzdy v \u00fapln\u011b jin\u00e9, odleh\u010den\u00e9 poloze.","breadcrumb":{"@id":"https:\/\/www.karaoketexty.cz\/magazin\/lucie-bila-a-rytmus-spolu-ve-viralnim-videu-konecne-hvezdy-ktere-si-ze-sebe-umi-udelat-srandu\/#breadcrumb"},"inLanguage":"cs","potentialAction":[{"@type":"ReadAction","target":["https:\/\/www.karaoketexty.cz\/magazin\/lucie-bila-a-rytmus-spolu-ve-viralnim-videu-konecne-hvezdy-ktere-si-ze-sebe-umi-udelat-srandu\/"]}]},{"@type":"ImageObject","inLanguage":"cs","@id":"https:\/\/www.karaoketexty.cz\/magazin\/lucie-bila-a-rytmus-spolu-ve-viralnim-videu-konecne-hvezdy-ktere-si-ze-sebe-umi-udelat-srandu\/#primaryimage","url":"https:\/\/www.karaoketexty.cz\/magazin\/wp-content\/uploads\/2026\/04\/lucie-bila-desatero.jpg","contentUrl":"https:\/\/www.karaoketexty.cz\/magazin\/wp-content\/uploads\/2026\/04\/lucie-bila-desatero.jpg","width":1200,"height":675,"caption":"Fotografie: Nextfoto"},{"@type":"BreadcrumbList","@id":"https:\/\/www.karaoketexty.cz\/magazin\/lucie-bila-a-rytmus-spolu-ve-viralnim-videu-konecne-hvezdy-ktere-si-ze-sebe-umi-udelat-srandu\/#breadcrumb","itemListElement":[{"@type":"ListItem","position":1,"name":"Dom\u016f","item":"https:\/\/www.karaoketexty.cz\/magazin\/"},{"@type":"ListItem","position":2,"name":"Lucie B\u00edl\u00e1 a Rytmus spolu ve vir\u00e1ln\u00edm videu: Kone\u010dn\u011b hv\u011bzdy, kter\u00e9 si ze sebe um\u00ed ud\u011blat srandu"}]},{"@type":"WebSite","@id":"https:\/\/www.karaoketexty.cz\/magazin\/#website","url":"https:\/\/www.karaoketexty.cz\/magazin\/","name":"Stars Magaz\u00edn Karaoketexty.cz","description":"Stars Magaz\u00edn na Karaoketexty.cz je zam\u011b\u0159en\u00fd na novinky ze sv\u011bta hudby a celebrit. Obsahuje \u010dl\u00e1nky o zp\u011bv\u00e1c\u00edch, kapel\u00e1ch, nov\u00fdch albech, hudebn\u00edch trendech a dal\u0161\u00edch zaj\u00edmavostech z hudebn\u00edho pr\u016fmyslu.","potentialAction":[{"@type":"SearchAction","target":{"@type":"EntryPoint","urlTemplate":"https:\/\/www.karaoketexty.cz\/magazin\/?s={search_term_string}"},"query-input":{"@type":"PropertyValueSpecification","valueRequired":true,"valueName":"search_term_string"}}],"inLanguage":"cs"},{"@type":"Person","@id":"https:\/\/www.karaoketexty.cz\/magazin\/#\/schema\/person\/03220d610ed4cba378a72bac3443f821","name":"Veronika \u0160imkov\u00e1","image":{"@type":"ImageObject","inLanguage":"cs","@id":"https:\/\/secure.gravatar.com\/avatar\/62af9cda83322200aaf20e60d0442fbca254ce18c0ffdcaaf83de31493c941a5?s=96&d=mm&r=g","url":"https:\/\/secure.gravatar.com\/avatar\/62af9cda83322200aaf20e60d0442fbca254ce18c0ffdcaaf83de31493c941a5?s=96&d=mm&r=g","contentUrl":"https:\/\/secure.gravatar.com\/avatar\/62af9cda83322200aaf20e60d0442fbca254ce18c0ffdcaaf83de31493c941a5?s=96&d=mm&r=g","caption":"Veronika \u0160imkov\u00e1"},"url":"https:\/\/www.karaoketexty.cz\/magazin\/author\/veronikasimkova\/"}]}},"_links":{"self":[{"href":"https:\/\/www.karaoketexty.cz\/magazin\/wp-json\/wp\/v2\/posts\/10635","targetHints":{"allow":["GET"]}}],"collection":[{"href":"https:\/\/www.karaoketexty.cz\/magazin\/wp-json\/wp\/v2\/posts"}],"about":[{"href":"https:\/\/www.karaoketexty.cz\/magazin\/wp-json\/wp\/v2\/types\/post"}],"author":[{"embeddable":true,"href":"https:\/\/www.karaoketexty.cz\/magazin\/wp-json\/wp\/v2\/users\/5"}],"replies":[{"embeddable":true,"href":"https:\/\/www.karaoketexty.cz\/magazin\/wp-json\/wp\/v2\/comments?post=10635"}],"version-history":[{"count":3,"href":"https:\/\/www.karaoketexty.cz\/magazin\/wp-json\/wp\/v2\/posts\/10635\/revisions"}],"predecessor-version":[{"id":10815,"href":"https:\/\/www.karaoketexty.cz\/magazin\/wp-json\/wp\/v2\/posts\/10635\/revisions\/10815"}],"wp:featuredmedia":[{"embeddable":true,"href":"https:\/\/www.karaoketexty.cz\/magazin\/wp-json\/wp\/v2\/media\/9952"}],"wp:attachment":[{"href":"https:\/\/www.karaoketexty.cz\/magazin\/wp-json\/wp\/v2\/media?parent=10635"}],"wp:term":[{"taxonomy":"category","embeddable":true,"href":"https:\/\/www.karaoketexty.cz\/magazin\/wp-json\/wp\/v2\/categories?post=10635"},{"taxonomy":"post_tag","embeddable":true,"href":"https:\/\/www.karaoketexty.cz\/magazin\/wp-json\/wp\/v2\/tags?post=10635"}],"curies":[{"name":"wp","href":"https:\/\/api.w.org\/{rel}","templated":true}]}}