{"id":10630,"date":"2026-05-01T08:53:00","date_gmt":"2026-05-01T06:53:00","guid":{"rendered":"https:\/\/www.karaoketexty.cz\/magazin\/?p=10630"},"modified":"2026-04-29T09:35:49","modified_gmt":"2026-04-29T07:35:49","slug":"dara-rolins-pavel-nedved-vztah-svatba","status":"publish","type":"post","link":"https:\/\/www.karaoketexty.cz\/magazin\/dara-rolins-pavel-nedved-vztah-svatba\/","title":{"rendered":"L\u00e1ska Dary Rolins a Pavla Nedv\u011bda: Luxus, st\u011bhov\u00e1n\u00ed i velk\u00e9 pl\u00e1ny, svatba st\u00e1le vis\u00ed ve vzduchu"},"content":{"rendered":"\n<p><strong>Dara Rolins a Pavel Nedv\u011bd jsou stabiln\u00edm p\u00e1rem \u010desk\u00e9ho \u0161oubyznysu a jejich fanou\u0161ky p\u0159irozen\u011b zaj\u00edm\u00e1, kam jejich vztah sp\u011bje.<\/strong><\/p>\n\n\n\n<p>Vztah zp\u011bva\u010dky Dary Rolins a fotbalov\u00e9 legendy Pavla Nedv\u011bda pat\u0159\u00ed k nejsledovan\u011bj\u0161\u00edm v \u010desk\u00e9m showbyznysu. A nen\u00ed divu, tihle dva toti\u017e nejdou mal\u00fdmi kroky. Naopak! Jejich l\u00e1ska se posouv\u00e1 do dal\u0161\u00ed f\u00e1ze, kter\u00e1 p\u0159ipom\u00edn\u00e1 sp\u00ed\u0161 poh\u00e1dku ne\u017e realitu, jak jsme na Karaoketexty zaregistrovali.<\/p>\n\n\n<!-- karaoketexty.cz \/ rectangle2 -->\n<div id=\"PX_37086_709110796310826\"><\/div>\n<script>\n   if(!useMobileAds && !boolUseSeznamAds && !hideAllAds){\n     window.px2 = window.px2 || { conf: {},queue: [] };\n     px2.queue.push(function () {\n        px2.render({\n           slot: {\n              id: 37086\n           },\n            elem: \"PX_37086_709110796310826\"\n        })\n     });\n  }\n<\/script>\n\n<!-- karaoketexty.cz \/ mobile-rectangle3 -->\n<div id=\"PX_37044_714599773297004\"><\/div>\n<script>\n   if(useMobileAds && !boolUseSeznamAds && !hideAllAds){\nwindow.px2 = window.px2 || { conf: {},queue: [] };\npx2.queue.push(function () {\n\tpx2.render({\n\t\tslot: {\n\t\t\tid: 37044\n\t\t},\n\t\telem: \"PX_37044_714599773297004\"\n\t})\n});\n}\n<\/script>\n\n\n<h2 class=\"wp-block-heading\">Spole\u010dn\u00fd \u017eivot za mo\u0159em<\/h2>\n\n\n\n<p>Dvojice spolu tvo\u0159\u00ed p\u00e1r u\u017e n\u011bkolik let a podle v\u0161eho jim to klape v\u00edc ne\u017e kdy d\u0159\u00edv. Nejen\u017ee spolu tr\u00e1v\u00ed v\u011bt\u0161inu \u010dasu, ale tak\u00e9 buduj\u00ed spole\u010dnou budoucnost, a to doslova od z\u00e1klad\u016f. Jejich vztah tak d\u00e1vno nen\u00ed jen o rand\u011bn\u00ed, ale o skute\u010dn\u00e9m sd\u00edlen\u00e9m \u017eivot\u011b.<\/p>\n\n\n\n<p>Nejv\u011bt\u0161\u00edm symbolem jejich l\u00e1sky je bezpochyby luxusn\u00ed vila u italsk\u00e9ho jezera Lago Maggiore. Tu si po\u0159\u00eddili u\u017e v roce 2022 a od t\u00e9 doby ji spole\u010dn\u011b buduj\u00ed. Nejde p\u0159itom o \u017e\u00e1dnou skromnou nemovitost, podle odhad\u016f p\u016fjde o rezidenci za des\u00edtky milion\u016f korun, kter\u00e1 p\u0159ipom\u00edn\u00e1 sp\u00ed\u0161 butikov\u00fd hotel ne\u017e b\u011b\u017en\u00fd d\u016fm.<\/p>\n\n\n<!-- karaoketexty.cz \/ interscroller1 -->\n\n<div id=\"PX_37041_825057871452834\"><\/div>\n<script>\nif(useMobileAds && !boolUseSeznamAds && !hideAllAds){\n\twindow.px2 = window.px2 || { conf: {},queue: [] };\n\tpx2.queue.push(function () {\n\t\tpx2.render({\n\t\t\tslot: {\n\t\t\t\tid: 37041\n\t\t\t},\n\t\t\telem: \"PX_37041_825057871452834\"\n\t\t})\n\t});\n}\n<\/script>\n\n\n<blockquote class=\"instagram-media\" data-instgrm-permalink=\"https:\/\/www.instagram.com\/p\/DXKvJ_NDYkQ\/?utm_source=ig_embed&amp;utm_campaign=loading\" data-instgrm-version=\"14\" style=\" background:#FFF; border:0; border-radius:3px; box-shadow:0 0 1px 0 rgba(0,0,0,0.5),0 1px 10px 0 rgba(0,0,0,0.15); margin: 1px; max-width:540px; min-width:326px; padding:0; width:99.375%; width:-webkit-calc(100% - 2px); width:calc(100% - 2px);\"><div style=\"padding:16px;\"> <a href=\"https:\/\/www.instagram.com\/p\/DXKvJ_NDYkQ\/?utm_source=ig_embed&amp;utm_campaign=loading\" style=\" background:#FFFFFF; line-height:0; padding:0 0; text-align:center; text-decoration:none; width:100%;\" target=\"_blank\"> <div style=\" display: flex; flex-direction: row; align-items: center;\"> <div style=\"background-color: #F4F4F4; border-radius: 50%; flex-grow: 0; height: 40px; margin-right: 14px; width: 40px;\"><\/div> <div style=\"display: flex; flex-direction: column; flex-grow: 1; justify-content: center;\"> <div style=\" background-color: #F4F4F4; border-radius: 4px; flex-grow: 0; height: 14px; margin-bottom: 6px; width: 100px;\"><\/div> <div style=\" background-color: #F4F4F4; border-radius: 4px; flex-grow: 0; height: 14px; width: 60px;\"><\/div><\/div><\/div><div style=\"padding: 19% 0;\"><\/div> <div style=\"display:block; height:50px; margin:0 auto 12px; width:50px;\"><svg width=\"50px\" height=\"50px\" viewBox=\"0 0 60 60\" version=\"1.1\" xmlns=\"https:\/\/www.w3.org\/2000\/svg\" xmlns:xlink=\"https:\/\/www.w3.org\/1999\/xlink\"><g stroke=\"none\" stroke-width=\"1\" fill=\"none\" fill-rule=\"evenodd\"><g transform=\"translate(-511.000000, -20.000000)\" fill=\"#000000\"><g><path d=\"M556.869,30.41 C554.814,30.41 553.148,32.076 553.148,34.131 C553.148,36.186 554.814,37.852 556.869,37.852 C558.924,37.852 560.59,36.186 560.59,34.131 C560.59,32.076 558.924,30.41 556.869,30.41 M541,60.657 C535.114,60.657 530.342,55.887 530.342,50 C530.342,44.114 535.114,39.342 541,39.342 C546.887,39.342 551.658,44.114 551.658,50 C551.658,55.887 546.887,60.657 541,60.657 M541,33.886 C532.1,33.886 524.886,41.1 524.886,50 C524.886,58.899 532.1,66.113 541,66.113 C549.9,66.113 557.115,58.899 557.115,50 C557.115,41.1 549.9,33.886 541,33.886 M565.378,62.101 C565.244,65.022 564.756,66.606 564.346,67.663 C563.803,69.06 563.154,70.057 562.106,71.106 C561.058,72.155 560.06,72.803 558.662,73.347 C557.607,73.757 556.021,74.244 553.102,74.378 C549.944,74.521 548.997,74.552 541,74.552 C533.003,74.552 532.056,74.521 528.898,74.378 C525.979,74.244 524.393,73.757 523.338,73.347 C521.94,72.803 520.942,72.155 519.894,71.106 C518.846,70.057 518.197,69.06 517.654,67.663 C517.244,66.606 516.755,65.022 516.623,62.101 C516.479,58.943 516.448,57.996 516.448,50 C516.448,42.003 516.479,41.056 516.623,37.899 C516.755,34.978 517.244,33.391 517.654,32.338 C518.197,30.938 518.846,29.942 519.894,28.894 C520.942,27.846 521.94,27.196 523.338,26.654 C524.393,26.244 525.979,25.756 528.898,25.623 C532.057,25.479 533.004,25.448 541,25.448 C548.997,25.448 549.943,25.479 553.102,25.623 C556.021,25.756 557.607,26.244 558.662,26.654 C560.06,27.196 561.058,27.846 562.106,28.894 C563.154,29.942 563.803,30.938 564.346,32.338 C564.756,33.391 565.244,34.978 565.378,37.899 C565.522,41.056 565.552,42.003 565.552,50 C565.552,57.996 565.522,58.943 565.378,62.101 M570.82,37.631 C570.674,34.438 570.167,32.258 569.425,30.349 C568.659,28.377 567.633,26.702 565.965,25.035 C564.297,23.368 562.623,22.342 560.652,21.575 C558.743,20.834 556.562,20.326 553.369,20.18 C550.169,20.033 549.148,20 541,20 C532.853,20 531.831,20.033 528.631,20.18 C525.438,20.326 523.257,20.834 521.349,21.575 C519.376,22.342 517.703,23.368 516.035,25.035 C514.368,26.702 513.342,28.377 512.574,30.349 C511.834,32.258 511.326,34.438 511.181,37.631 C511.035,40.831 511,41.851 511,50 C511,58.147 511.035,59.17 511.181,62.369 C511.326,65.562 511.834,67.743 512.574,69.651 C513.342,71.625 514.368,73.296 516.035,74.965 C517.703,76.634 519.376,77.658 521.349,78.425 C523.257,79.167 525.438,79.673 528.631,79.82 C531.831,79.965 532.853,80.001 541,80.001 C549.148,80.001 550.169,79.965 553.369,79.82 C556.562,79.673 558.743,79.167 560.652,78.425 C562.623,77.658 564.297,76.634 565.965,74.965 C567.633,73.296 568.659,71.625 569.425,69.651 C570.167,67.743 570.674,65.562 570.82,62.369 C570.966,59.17 571,58.147 571,50 C571,41.851 570.966,40.831 570.82,37.631\"><\/path><\/g><\/g><\/g><\/svg><\/div><div style=\"padding-top: 8px;\"> <div style=\" color:#3897f0; font-family:Arial,sans-serif; font-size:14px; font-style:normal; font-weight:550; line-height:18px;\">Zobrazit p\u0159\u00edsp\u011bvek na Instagramu<\/div><\/div><div style=\"padding: 12.5% 0;\"><\/div> <div style=\"display: flex; flex-direction: row; margin-bottom: 14px; align-items: center;\"><div> <div style=\"background-color: #F4F4F4; border-radius: 50%; height: 12.5px; width: 12.5px; transform: translateX(0px) translateY(7px);\"><\/div> <div style=\"background-color: #F4F4F4; height: 12.5px; transform: rotate(-45deg) translateX(3px) translateY(1px); width: 12.5px; flex-grow: 0; margin-right: 14px; margin-left: 2px;\"><\/div> <div style=\"background-color: #F4F4F4; border-radius: 50%; height: 12.5px; width: 12.5px; transform: translateX(9px) translateY(-18px);\"><\/div><\/div><div style=\"margin-left: 8px;\"> <div style=\" background-color: #F4F4F4; border-radius: 50%; flex-grow: 0; height: 20px; width: 20px;\"><\/div> <div style=\" width: 0; height: 0; border-top: 2px solid transparent; border-left: 6px solid #f4f4f4; border-bottom: 2px solid transparent; transform: translateX(16px) translateY(-4px) rotate(30deg)\"><\/div><\/div><div style=\"margin-left: auto;\"> <div style=\" width: 0px; border-top: 8px solid #F4F4F4; border-right: 8px solid transparent; transform: translateY(16px);\"><\/div> <div style=\" background-color: #F4F4F4; flex-grow: 0; height: 12px; width: 16px; transform: translateY(-4px);\"><\/div> <div style=\" width: 0; height: 0; border-top: 8px solid #F4F4F4; border-left: 8px solid transparent; transform: translateY(-4px) translateX(8px);\"><\/div><\/div><\/div> <div style=\"display: flex; flex-direction: column; flex-grow: 1; justify-content: center; margin-bottom: 24px;\"> <div style=\" background-color: #F4F4F4; border-radius: 4px; flex-grow: 0; height: 14px; margin-bottom: 6px; width: 224px;\"><\/div> <div style=\" background-color: #F4F4F4; border-radius: 4px; flex-grow: 0; height: 14px; width: 144px;\"><\/div><\/div><\/a><p style=\" color:#c9c8cd; font-family:Arial,sans-serif; font-size:14px; line-height:17px; margin-bottom:0; margin-top:8px; overflow:hidden; padding:8px 0 7px; text-align:center; text-overflow:ellipsis; white-space:nowrap;\"><a href=\"https:\/\/www.instagram.com\/p\/DXKvJ_NDYkQ\/?utm_source=ig_embed&amp;utm_campaign=loading\" style=\" color:#c9c8cd; font-family:Arial,sans-serif; font-size:14px; font-style:normal; font-weight:normal; line-height:17px; text-decoration:none;\" target=\"_blank\">P\u0159\u00edsp\u011bvek sd\u00edlen\u00fd Dara Rolins (@dararolins_vermi)<\/a><\/p><\/div><\/blockquote>\n<script async src=\"\/\/www.instagram.com\/embed.js\"><\/script>\n\n\n\n<p>A te\u010f p\u0159ich\u00e1z\u00ed z\u00e1sadn\u00ed zlom! Dara kone\u010dn\u011b prozradila, \u017ee st\u011bhov\u00e1n\u00ed je na spadnut\u00ed. Pokud v\u0161e p\u016fjde podle pl\u00e1nu, u\u017e po l\u00e9t\u011b by se mohli nast\u011bhovat a podzim p\u0159iv\u00edtat ve sv\u00e9m nov\u00e9m domov\u011b s v\u00fdhledem na jezero. Zat\u00edm ale tr\u00e1v\u00ed \u010das provizorn\u011b v hotelu a dohl\u00ed\u017eej\u00ed na posledn\u00ed detaily stavby.<\/p>\n\n\n\n<h2 class=\"wp-block-heading\">Jak to vypad\u00e1 se svatbou<\/h2>\n\n\n\n<p>Zaj\u00edmav\u00e9 je, \u017ee It\u00e1lie pro n\u011b nen\u00ed jen romantick\u00fdm \u00fato\u010di\u0161t\u011bm. Pro Pavla Nedv\u011bda jde o m\u00edsto, kde m\u00e1 dlouhodob\u00e9 z\u00e1zem\u00ed, a pro Daru Rolins zase o nov\u00fd \u017eivotn\u00ed sm\u011br. Dokonce se spekuluje, \u017ee pr\u00e1v\u011b tam by mohl b\u00fdt jejich hlavn\u00ed domov, i kdy\u017e vazby na \u010cesko \u00fapln\u011b nep\u0159eru\u0161\u00ed.<\/p>\n\n\n\n<p>A co svatba? Ta je ve vzduchu u\u017e del\u0161\u00ed dobu, ale Dara k n\u00ed p\u0159istupuje po sv\u00e9m. \u017d\u00e1dn\u00e9 velk\u00e9 pl\u00e1nov\u00e1n\u00ed, podle jej\u00edch slov to klidn\u011b m\u016f\u017ee p\u0159ij\u00edt spont\u00e1nn\u011b ze dne na den. Jedno je ale jist\u00e9 \u2013 jejich vztah je pevn\u00fd, pln\u00fd pl\u00e1n\u016f a evidentn\u011b m\u00ed\u0159\u00ed k dal\u0161\u00edm velk\u00fdm krok\u016fm.<\/p>\n\n\n\n<p>Zdroj: Autorsk\u00fd text, <a href=\"https:\/\/www.idnes.cz\/zpravy\/revue\/vztahy-a-sex\/dara-rolins-pavel-nedved-rezidence-hotel-vila-lago-maggiore.A260417_092705_sex_sub\" target=\"_blank\" rel=\"noreferrer noopener nofollow\">iDnes<\/a>, <a href=\"https:\/\/www.super.cz\/clanek\/celebrity-dara-rolins-konecne-promluvila-odtajnila-kdy-se-s-pavlem-nedvedem-prestehuji-do-prepychove-vily-v-italii-1523931\" target=\"_blank\" rel=\"noreferrer noopener nofollow\">Super<\/a>, <a href=\"https:\/\/www.instagram.com\/dararolins_vermi\/\" target=\"_blank\" rel=\"noreferrer noopener nofollow\">Instagram Dary Rolins<\/a><\/p>\n\n\n            <a href=\"https:\/\/www.karaoketexty.cz\/magazin\/dara-rolins-v-nove-pisni-opet-tanci-novy-singl-s-jeji-uzasnou-energii-musite-videt\/\" class=\"related-post-link\">\n                <div class=\"post-thumbnail\">\n                    <img decoding=\"async\" width=\"250\" height=\"141\" src=\"https:\/\/www.karaoketexty.cz\/magazin\/wp-content\/uploads\/2025\/05\/Dara-Rolins.avif\" class=\"attachment-250x180 size-250x180 not-transparent\" alt=\"Fotografie Dary Rolins\" data-has-transparency=\"false\" data-dominant-color=\"302723\" style=\"--dominant-color: #302723;\" \/>                <\/div>\n                <div class=\"post-details\">\n                    <span class=\"also-read\">\u010ct\u011bte tak\u00e9:<\/span>\n                    <h3 class=\"hed\">Dara Rolins v nov\u00e9 p\u00edsni op\u011bt tan\u010d\u00ed: Nov\u00fd singl s jej\u00ed \u00fa\u017easnou energi\u00ed mus\u00edte vid\u011bt<\/h3>\n                <\/div>\n            <\/a>\n            \n\n            <a href=\"https:\/\/www.karaoketexty.cz\/magazin\/dcera-dary-rolins-udelala-zasadni-krok-zmenila-si-prijmeni-po-otci-na-darino\/\" class=\"related-post-link\">\n                <div class=\"post-thumbnail\">\n                    <img decoding=\"async\" width=\"250\" height=\"141\" src=\"https:\/\/www.karaoketexty.cz\/magazin\/wp-content\/uploads\/2025\/12\/dara-rolins-laura-homolova.jpg\" class=\"attachment-250x180 size-250x180 not-transparent\" alt=\"Dara Rolins a Laura Homolov\u00e1\" srcset=\"https:\/\/www.karaoketexty.cz\/magazin\/wp-content\/uploads\/2025\/12\/dara-rolins-laura-homolova.jpg 1200w, https:\/\/www.karaoketexty.cz\/magazin\/wp-content\/uploads\/2025\/12\/dara-rolins-laura-homolova-300x169.jpg 300w, https:\/\/www.karaoketexty.cz\/magazin\/wp-content\/uploads\/2025\/12\/dara-rolins-laura-homolova-1024x576.jpg 1024w, https:\/\/www.karaoketexty.cz\/magazin\/wp-content\/uploads\/2025\/12\/dara-rolins-laura-homolova-768x432.jpg 768w, https:\/\/www.karaoketexty.cz\/magazin\/wp-content\/uploads\/2025\/12\/dara-rolins-laura-homolova-800x450.jpg 800w\" sizes=\"(max-width: 250px) 100vw, 250px\" data-has-transparency=\"false\" data-dominant-color=\"574339\" style=\"--dominant-color: #574339;\" \/>                <\/div>\n                <div class=\"post-details\">\n                    <span class=\"also-read\">\u010ct\u011bte tak\u00e9:<\/span>\n                    <h3 class=\"hed\">Dcera Dary Rolins ud\u011blala z\u00e1sadn\u00ed krok: Zm\u011bnila si p\u0159\u00edjmen\u00ed po otci na Da\u0159ino<\/h3>\n                <\/div>\n            <\/a>\n            ","protected":false},"excerpt":{"rendered":"<p>Dara Rolins a Pavel Nedv\u011bd jsou stabiln\u00edm p\u00e1rem \u010desk\u00e9ho \u0161oubyznysu a jejich fanou\u0161ky p\u0159irozen\u011b zaj\u00edm\u00e1, kam jejich vztah sp\u011bje.<\/p>\n","protected":false},"author":4,"featured_media":999,"comment_status":"open","ping_status":"closed","sticky":false,"template":"","format":"standard","meta":{"_yoast_wpseo_title":"Dara Rolins a Pavel Nedv\u011bd: romantika v It\u00e1lii","_yoast_wpseo_metadesc":"Dara Rolins sd\u00edlela na sv\u00e9m Instagramu romantick\u00fd moment se sv\u00fdm partnerem Pavlem Nedv\u011bdem. V\u0161ichni \u010dekaj\u00ed, kam jejich vztah pokro\u010d\u00ed.","footnotes":""},"categories":[1059],"tags":[378,3931,172,7411,1397,65,173,843,7410,1652,1587],"class_list":["post-10630","post","type-post","status-publish","format-standard","has-post-thumbnail","hentry","category-celebrity","tag-celebrity","tag-cesky-showbyznys","tag-dara-rolins","tag-lago-maggiore","tag-laska","tag-luxusni-vila","tag-pavel-nedved","tag-romantika","tag-stehovani","tag-svatba","tag-vztah"],"yoast_head":"<!-- This site is optimized with the Yoast SEO plugin v27.5 - https:\/\/yoast.com\/product\/yoast-seo-wordpress\/ -->\n<title>Dara Rolins a Pavel Nedv\u011bd: romantika v It\u00e1lii<\/title>\n<meta name=\"description\" content=\"Dara Rolins sd\u00edlela na sv\u00e9m Instagramu romantick\u00fd moment se sv\u00fdm partnerem Pavlem Nedv\u011bdem. V\u0161ichni \u010dekaj\u00ed, kam jejich vztah pokro\u010d\u00ed.\" \/>\n<meta name=\"robots\" content=\"index, follow, max-snippet:-1, max-image-preview:large, max-video-preview:-1\" \/>\n<link rel=\"canonical\" href=\"https:\/\/www.karaoketexty.cz\/magazin\/dara-rolins-pavel-nedved-vztah-svatba\/\" \/>\n<meta property=\"og:locale\" content=\"cs_CZ\" \/>\n<meta property=\"og:type\" content=\"article\" \/>\n<meta property=\"og:title\" content=\"Dara Rolins a Pavel Nedv\u011bd: romantika v It\u00e1lii\" \/>\n<meta property=\"og:description\" content=\"Dara Rolins sd\u00edlela na sv\u00e9m Instagramu romantick\u00fd moment se sv\u00fdm partnerem Pavlem Nedv\u011bdem. V\u0161ichni \u010dekaj\u00ed, kam jejich vztah pokro\u010d\u00ed.\" \/>\n<meta property=\"og:url\" content=\"https:\/\/www.karaoketexty.cz\/magazin\/dara-rolins-pavel-nedved-vztah-svatba\/\" \/>\n<meta property=\"og:site_name\" content=\"Stars Magaz\u00edn Karaoketexty.cz\" \/>\n<meta property=\"article:published_time\" content=\"2026-05-01T06:53:00+00:00\" \/>\n<meta property=\"og:image\" content=\"https:\/\/www.karaoketexty.cz\/magazin\/wp-content\/uploads\/2025\/06\/dara-rolins-pavel-nedved.avif\" \/>\n\t<meta property=\"og:image:width\" content=\"1200\" \/>\n\t<meta property=\"og:image:height\" content=\"630\" \/>\n\t<meta property=\"og:image:type\" content=\"image\/jpeg\" \/>\n<meta name=\"author\" content=\"Barbora Kop\u0159ivov\u00e1\" \/>\n<meta name=\"twitter:card\" content=\"summary_large_image\" \/>\n<meta name=\"twitter:label1\" content=\"Napsal(a)\" \/>\n\t<meta name=\"twitter:data1\" content=\"Barbora Kop\u0159ivov\u00e1\" \/>\n\t<meta name=\"twitter:label2\" content=\"Odhadovan\u00e1 doba \u010dten\u00ed\" \/>\n\t<meta name=\"twitter:data2\" content=\"2 minuty\" \/>\n<script type=\"application\/ld+json\" class=\"yoast-schema-graph\">{\"@context\":\"https:\\\/\\\/schema.org\",\"@graph\":[{\"@type\":\"Article\",\"@id\":\"https:\\\/\\\/www.karaoketexty.cz\\\/magazin\\\/dara-rolins-pavel-nedved-vztah-svatba\\\/#article\",\"isPartOf\":{\"@id\":\"https:\\\/\\\/www.karaoketexty.cz\\\/magazin\\\/dara-rolins-pavel-nedved-vztah-svatba\\\/\"},\"author\":{\"name\":\"Barbora Kop\u0159ivov\u00e1\",\"@id\":\"https:\\\/\\\/www.karaoketexty.cz\\\/magazin\\\/#\\\/schema\\\/person\\\/37c0164a04038267c8a56ad6d60df749\"},\"headline\":\"L\u00e1ska Dary Rolins a Pavla Nedv\u011bda: Luxus, st\u011bhov\u00e1n\u00ed i velk\u00e9 pl\u00e1ny, svatba st\u00e1le vis\u00ed ve vzduchu\",\"datePublished\":\"2026-05-01T06:53:00+00:00\",\"mainEntityOfPage\":{\"@id\":\"https:\\\/\\\/www.karaoketexty.cz\\\/magazin\\\/dara-rolins-pavel-nedved-vztah-svatba\\\/\"},\"wordCount\":453,\"commentCount\":0,\"image\":{\"@id\":\"https:\\\/\\\/www.karaoketexty.cz\\\/magazin\\\/dara-rolins-pavel-nedved-vztah-svatba\\\/#primaryimage\"},\"thumbnailUrl\":\"https:\\\/\\\/www.karaoketexty.cz\\\/magazin\\\/wp-content\\\/uploads\\\/2025\\\/06\\\/dara-rolins-pavel-nedved.avif\",\"keywords\":[\"celebrity\",\"\u010desk\u00fd showbyznys\",\"Dara Rolins\",\"Lago Maggiore\",\"l\u00e1ska\",\"Luxusn\u00ed vila\",\"Pavel Nedv\u011bd\",\"romantika\",\"st\u011bhov\u00e1n\u00ed\",\"Svatba\",\"vztah\"],\"articleSection\":[\"Celebrity\"],\"inLanguage\":\"cs\",\"potentialAction\":[{\"@type\":\"CommentAction\",\"name\":\"Comment\",\"target\":[\"https:\\\/\\\/www.karaoketexty.cz\\\/magazin\\\/dara-rolins-pavel-nedved-vztah-svatba\\\/#respond\"]}]},{\"@type\":\"WebPage\",\"@id\":\"https:\\\/\\\/www.karaoketexty.cz\\\/magazin\\\/dara-rolins-pavel-nedved-vztah-svatba\\\/\",\"url\":\"https:\\\/\\\/www.karaoketexty.cz\\\/magazin\\\/dara-rolins-pavel-nedved-vztah-svatba\\\/\",\"name\":\"Dara Rolins a Pavel Nedv\u011bd: romantika v It\u00e1lii\",\"isPartOf\":{\"@id\":\"https:\\\/\\\/www.karaoketexty.cz\\\/magazin\\\/#website\"},\"primaryImageOfPage\":{\"@id\":\"https:\\\/\\\/www.karaoketexty.cz\\\/magazin\\\/dara-rolins-pavel-nedved-vztah-svatba\\\/#primaryimage\"},\"image\":{\"@id\":\"https:\\\/\\\/www.karaoketexty.cz\\\/magazin\\\/dara-rolins-pavel-nedved-vztah-svatba\\\/#primaryimage\"},\"thumbnailUrl\":\"https:\\\/\\\/www.karaoketexty.cz\\\/magazin\\\/wp-content\\\/uploads\\\/2025\\\/06\\\/dara-rolins-pavel-nedved.avif\",\"datePublished\":\"2026-05-01T06:53:00+00:00\",\"author\":{\"@id\":\"https:\\\/\\\/www.karaoketexty.cz\\\/magazin\\\/#\\\/schema\\\/person\\\/37c0164a04038267c8a56ad6d60df749\"},\"description\":\"Dara Rolins sd\u00edlela na sv\u00e9m Instagramu romantick\u00fd moment se sv\u00fdm partnerem Pavlem Nedv\u011bdem. V\u0161ichni \u010dekaj\u00ed, kam jejich vztah pokro\u010d\u00ed.\",\"breadcrumb\":{\"@id\":\"https:\\\/\\\/www.karaoketexty.cz\\\/magazin\\\/dara-rolins-pavel-nedved-vztah-svatba\\\/#breadcrumb\"},\"inLanguage\":\"cs\",\"potentialAction\":[{\"@type\":\"ReadAction\",\"target\":[\"https:\\\/\\\/www.karaoketexty.cz\\\/magazin\\\/dara-rolins-pavel-nedved-vztah-svatba\\\/\"]}]},{\"@type\":\"ImageObject\",\"inLanguage\":\"cs\",\"@id\":\"https:\\\/\\\/www.karaoketexty.cz\\\/magazin\\\/dara-rolins-pavel-nedved-vztah-svatba\\\/#primaryimage\",\"url\":\"https:\\\/\\\/www.karaoketexty.cz\\\/magazin\\\/wp-content\\\/uploads\\\/2025\\\/06\\\/dara-rolins-pavel-nedved.avif\",\"contentUrl\":\"https:\\\/\\\/www.karaoketexty.cz\\\/magazin\\\/wp-content\\\/uploads\\\/2025\\\/06\\\/dara-rolins-pavel-nedved.avif\",\"width\":1200,\"height\":630},{\"@type\":\"BreadcrumbList\",\"@id\":\"https:\\\/\\\/www.karaoketexty.cz\\\/magazin\\\/dara-rolins-pavel-nedved-vztah-svatba\\\/#breadcrumb\",\"itemListElement\":[{\"@type\":\"ListItem\",\"position\":1,\"name\":\"Dom\u016f\",\"item\":\"https:\\\/\\\/www.karaoketexty.cz\\\/magazin\\\/\"},{\"@type\":\"ListItem\",\"position\":2,\"name\":\"L\u00e1ska Dary Rolins a Pavla Nedv\u011bda: Luxus, st\u011bhov\u00e1n\u00ed i velk\u00e9 pl\u00e1ny, svatba st\u00e1le vis\u00ed ve vzduchu\"}]},{\"@type\":\"WebSite\",\"@id\":\"https:\\\/\\\/www.karaoketexty.cz\\\/magazin\\\/#website\",\"url\":\"https:\\\/\\\/www.karaoketexty.cz\\\/magazin\\\/\",\"name\":\"Stars Magaz\u00edn Karaoketexty.cz\",\"description\":\"Stars Magaz\u00edn na Karaoketexty.cz je zam\u011b\u0159en\u00fd na novinky ze sv\u011bta hudby a celebrit. Obsahuje \u010dl\u00e1nky o zp\u011bv\u00e1c\u00edch, kapel\u00e1ch, nov\u00fdch albech, hudebn\u00edch trendech a dal\u0161\u00edch zaj\u00edmavostech z hudebn\u00edho pr\u016fmyslu.\",\"potentialAction\":[{\"@type\":\"SearchAction\",\"target\":{\"@type\":\"EntryPoint\",\"urlTemplate\":\"https:\\\/\\\/www.karaoketexty.cz\\\/magazin\\\/?s={search_term_string}\"},\"query-input\":{\"@type\":\"PropertyValueSpecification\",\"valueRequired\":true,\"valueName\":\"search_term_string\"}}],\"inLanguage\":\"cs\"},{\"@type\":\"Person\",\"@id\":\"https:\\\/\\\/www.karaoketexty.cz\\\/magazin\\\/#\\\/schema\\\/person\\\/37c0164a04038267c8a56ad6d60df749\",\"name\":\"Barbora Kop\u0159ivov\u00e1\",\"image\":{\"@type\":\"ImageObject\",\"inLanguage\":\"cs\",\"@id\":\"https:\\\/\\\/secure.gravatar.com\\\/avatar\\\/ad2ef9810228386d580851ef4bdde76abaa96054ff5b068c8873bc91afb2df84?s=96&d=mm&r=g\",\"url\":\"https:\\\/\\\/secure.gravatar.com\\\/avatar\\\/ad2ef9810228386d580851ef4bdde76abaa96054ff5b068c8873bc91afb2df84?s=96&d=mm&r=g\",\"contentUrl\":\"https:\\\/\\\/secure.gravatar.com\\\/avatar\\\/ad2ef9810228386d580851ef4bdde76abaa96054ff5b068c8873bc91afb2df84?s=96&d=mm&r=g\",\"caption\":\"Barbora Kop\u0159ivov\u00e1\"},\"url\":\"https:\\\/\\\/www.karaoketexty.cz\\\/magazin\\\/author\\\/barborakoprivova\\\/\"}]}<\/script>\n<!-- \/ Yoast SEO plugin. -->","yoast_head_json":{"title":"Dara Rolins a Pavel Nedv\u011bd: romantika v It\u00e1lii","description":"Dara Rolins sd\u00edlela na sv\u00e9m Instagramu romantick\u00fd moment se sv\u00fdm partnerem Pavlem Nedv\u011bdem. V\u0161ichni \u010dekaj\u00ed, kam jejich vztah pokro\u010d\u00ed.","robots":{"index":"index","follow":"follow","max-snippet":"max-snippet:-1","max-image-preview":"max-image-preview:large","max-video-preview":"max-video-preview:-1"},"canonical":"https:\/\/www.karaoketexty.cz\/magazin\/dara-rolins-pavel-nedved-vztah-svatba\/","og_locale":"cs_CZ","og_type":"article","og_title":"Dara Rolins a Pavel Nedv\u011bd: romantika v It\u00e1lii","og_description":"Dara Rolins sd\u00edlela na sv\u00e9m Instagramu romantick\u00fd moment se sv\u00fdm partnerem Pavlem Nedv\u011bdem. V\u0161ichni \u010dekaj\u00ed, kam jejich vztah pokro\u010d\u00ed.","og_url":"https:\/\/www.karaoketexty.cz\/magazin\/dara-rolins-pavel-nedved-vztah-svatba\/","og_site_name":"Stars Magaz\u00edn Karaoketexty.cz","article_published_time":"2026-05-01T06:53:00+00:00","og_image":[{"width":1200,"height":630,"url":"https:\/\/www.karaoketexty.cz\/magazin\/wp-content\/uploads\/2025\/06\/dara-rolins-pavel-nedved.avif","type":"image\/jpeg"}],"author":"Barbora Kop\u0159ivov\u00e1","twitter_card":"summary_large_image","twitter_misc":{"Napsal(a)":"Barbora Kop\u0159ivov\u00e1","Odhadovan\u00e1 doba \u010dten\u00ed":"2 minuty"},"schema":{"@context":"https:\/\/schema.org","@graph":[{"@type":"Article","@id":"https:\/\/www.karaoketexty.cz\/magazin\/dara-rolins-pavel-nedved-vztah-svatba\/#article","isPartOf":{"@id":"https:\/\/www.karaoketexty.cz\/magazin\/dara-rolins-pavel-nedved-vztah-svatba\/"},"author":{"name":"Barbora Kop\u0159ivov\u00e1","@id":"https:\/\/www.karaoketexty.cz\/magazin\/#\/schema\/person\/37c0164a04038267c8a56ad6d60df749"},"headline":"L\u00e1ska Dary Rolins a Pavla Nedv\u011bda: Luxus, st\u011bhov\u00e1n\u00ed i velk\u00e9 pl\u00e1ny, svatba st\u00e1le vis\u00ed ve vzduchu","datePublished":"2026-05-01T06:53:00+00:00","mainEntityOfPage":{"@id":"https:\/\/www.karaoketexty.cz\/magazin\/dara-rolins-pavel-nedved-vztah-svatba\/"},"wordCount":453,"commentCount":0,"image":{"@id":"https:\/\/www.karaoketexty.cz\/magazin\/dara-rolins-pavel-nedved-vztah-svatba\/#primaryimage"},"thumbnailUrl":"https:\/\/www.karaoketexty.cz\/magazin\/wp-content\/uploads\/2025\/06\/dara-rolins-pavel-nedved.avif","keywords":["celebrity","\u010desk\u00fd showbyznys","Dara Rolins","Lago Maggiore","l\u00e1ska","Luxusn\u00ed vila","Pavel Nedv\u011bd","romantika","st\u011bhov\u00e1n\u00ed","Svatba","vztah"],"articleSection":["Celebrity"],"inLanguage":"cs","potentialAction":[{"@type":"CommentAction","name":"Comment","target":["https:\/\/www.karaoketexty.cz\/magazin\/dara-rolins-pavel-nedved-vztah-svatba\/#respond"]}]},{"@type":"WebPage","@id":"https:\/\/www.karaoketexty.cz\/magazin\/dara-rolins-pavel-nedved-vztah-svatba\/","url":"https:\/\/www.karaoketexty.cz\/magazin\/dara-rolins-pavel-nedved-vztah-svatba\/","name":"Dara Rolins a Pavel Nedv\u011bd: romantika v It\u00e1lii","isPartOf":{"@id":"https:\/\/www.karaoketexty.cz\/magazin\/#website"},"primaryImageOfPage":{"@id":"https:\/\/www.karaoketexty.cz\/magazin\/dara-rolins-pavel-nedved-vztah-svatba\/#primaryimage"},"image":{"@id":"https:\/\/www.karaoketexty.cz\/magazin\/dara-rolins-pavel-nedved-vztah-svatba\/#primaryimage"},"thumbnailUrl":"https:\/\/www.karaoketexty.cz\/magazin\/wp-content\/uploads\/2025\/06\/dara-rolins-pavel-nedved.avif","datePublished":"2026-05-01T06:53:00+00:00","author":{"@id":"https:\/\/www.karaoketexty.cz\/magazin\/#\/schema\/person\/37c0164a04038267c8a56ad6d60df749"},"description":"Dara Rolins sd\u00edlela na sv\u00e9m Instagramu romantick\u00fd moment se sv\u00fdm partnerem Pavlem Nedv\u011bdem. V\u0161ichni \u010dekaj\u00ed, kam jejich vztah pokro\u010d\u00ed.","breadcrumb":{"@id":"https:\/\/www.karaoketexty.cz\/magazin\/dara-rolins-pavel-nedved-vztah-svatba\/#breadcrumb"},"inLanguage":"cs","potentialAction":[{"@type":"ReadAction","target":["https:\/\/www.karaoketexty.cz\/magazin\/dara-rolins-pavel-nedved-vztah-svatba\/"]}]},{"@type":"ImageObject","inLanguage":"cs","@id":"https:\/\/www.karaoketexty.cz\/magazin\/dara-rolins-pavel-nedved-vztah-svatba\/#primaryimage","url":"https:\/\/www.karaoketexty.cz\/magazin\/wp-content\/uploads\/2025\/06\/dara-rolins-pavel-nedved.avif","contentUrl":"https:\/\/www.karaoketexty.cz\/magazin\/wp-content\/uploads\/2025\/06\/dara-rolins-pavel-nedved.avif","width":1200,"height":630},{"@type":"BreadcrumbList","@id":"https:\/\/www.karaoketexty.cz\/magazin\/dara-rolins-pavel-nedved-vztah-svatba\/#breadcrumb","itemListElement":[{"@type":"ListItem","position":1,"name":"Dom\u016f","item":"https:\/\/www.karaoketexty.cz\/magazin\/"},{"@type":"ListItem","position":2,"name":"L\u00e1ska Dary Rolins a Pavla Nedv\u011bda: Luxus, st\u011bhov\u00e1n\u00ed i velk\u00e9 pl\u00e1ny, svatba st\u00e1le vis\u00ed ve vzduchu"}]},{"@type":"WebSite","@id":"https:\/\/www.karaoketexty.cz\/magazin\/#website","url":"https:\/\/www.karaoketexty.cz\/magazin\/","name":"Stars Magaz\u00edn Karaoketexty.cz","description":"Stars Magaz\u00edn na Karaoketexty.cz je zam\u011b\u0159en\u00fd na novinky ze sv\u011bta hudby a celebrit. Obsahuje \u010dl\u00e1nky o zp\u011bv\u00e1c\u00edch, kapel\u00e1ch, nov\u00fdch albech, hudebn\u00edch trendech a dal\u0161\u00edch zaj\u00edmavostech z hudebn\u00edho pr\u016fmyslu.","potentialAction":[{"@type":"SearchAction","target":{"@type":"EntryPoint","urlTemplate":"https:\/\/www.karaoketexty.cz\/magazin\/?s={search_term_string}"},"query-input":{"@type":"PropertyValueSpecification","valueRequired":true,"valueName":"search_term_string"}}],"inLanguage":"cs"},{"@type":"Person","@id":"https:\/\/www.karaoketexty.cz\/magazin\/#\/schema\/person\/37c0164a04038267c8a56ad6d60df749","name":"Barbora Kop\u0159ivov\u00e1","image":{"@type":"ImageObject","inLanguage":"cs","@id":"https:\/\/secure.gravatar.com\/avatar\/ad2ef9810228386d580851ef4bdde76abaa96054ff5b068c8873bc91afb2df84?s=96&d=mm&r=g","url":"https:\/\/secure.gravatar.com\/avatar\/ad2ef9810228386d580851ef4bdde76abaa96054ff5b068c8873bc91afb2df84?s=96&d=mm&r=g","contentUrl":"https:\/\/secure.gravatar.com\/avatar\/ad2ef9810228386d580851ef4bdde76abaa96054ff5b068c8873bc91afb2df84?s=96&d=mm&r=g","caption":"Barbora Kop\u0159ivov\u00e1"},"url":"https:\/\/www.karaoketexty.cz\/magazin\/author\/barborakoprivova\/"}]}},"_links":{"self":[{"href":"https:\/\/www.karaoketexty.cz\/magazin\/wp-json\/wp\/v2\/posts\/10630","targetHints":{"allow":["GET"]}}],"collection":[{"href":"https:\/\/www.karaoketexty.cz\/magazin\/wp-json\/wp\/v2\/posts"}],"about":[{"href":"https:\/\/www.karaoketexty.cz\/magazin\/wp-json\/wp\/v2\/types\/post"}],"author":[{"embeddable":true,"href":"https:\/\/www.karaoketexty.cz\/magazin\/wp-json\/wp\/v2\/users\/4"}],"replies":[{"embeddable":true,"href":"https:\/\/www.karaoketexty.cz\/magazin\/wp-json\/wp\/v2\/comments?post=10630"}],"version-history":[{"count":3,"href":"https:\/\/www.karaoketexty.cz\/magazin\/wp-json\/wp\/v2\/posts\/10630\/revisions"}],"predecessor-version":[{"id":10806,"href":"https:\/\/www.karaoketexty.cz\/magazin\/wp-json\/wp\/v2\/posts\/10630\/revisions\/10806"}],"wp:featuredmedia":[{"embeddable":true,"href":"https:\/\/www.karaoketexty.cz\/magazin\/wp-json\/wp\/v2\/media\/999"}],"wp:attachment":[{"href":"https:\/\/www.karaoketexty.cz\/magazin\/wp-json\/wp\/v2\/media?parent=10630"}],"wp:term":[{"taxonomy":"category","embeddable":true,"href":"https:\/\/www.karaoketexty.cz\/magazin\/wp-json\/wp\/v2\/categories?post=10630"},{"taxonomy":"post_tag","embeddable":true,"href":"https:\/\/www.karaoketexty.cz\/magazin\/wp-json\/wp\/v2\/tags?post=10630"}],"curies":[{"name":"wp","href":"https:\/\/api.w.org\/{rel}","templated":true}]}}