{"id":10614,"date":"2026-04-25T06:20:00","date_gmt":"2026-04-25T04:20:00","guid":{"rendered":"https:\/\/www.karaoketexty.cz\/magazin\/?p=10614"},"modified":"2026-04-24T12:04:14","modified_gmt":"2026-04-24T10:04:14","slug":"poprve-v-cesku-k-pop-all-stars-privezou-do-prahy-hvezdy-korejske-popove-sceny-bts-blackpink-a-dalsi","status":"publish","type":"post","link":"https:\/\/www.karaoketexty.cz\/magazin\/poprve-v-cesku-k-pop-all-stars-privezou-do-prahy-hvezdy-korejske-popove-sceny-bts-blackpink-a-dalsi\/","title":{"rendered":"Poprv\u00e9 v \u010cesku: K-Pop All Stars p\u0159ivezou do Prahy hv\u011bzdy korejsk\u00e9 popov\u00e9 sc\u00e9ny BTS, BlackPink a dal\u0161\u00ed"},"content":{"rendered":"\n<p><strong>Je\u0161t\u011b nikdy se to nestalo. K-Pop All Stars \u2013 \u017eiv\u00e1 produkce, kter\u00e1 za posledn\u00ed roky pro\u0161la s\u00e1ly po cel\u00e9 Brit\u00e1nii a z\u00edskala miliony fanou\u0161k\u016f \u2013 m\u00ed\u0159\u00ed 25. \u0159\u00edjna 2026 poprv\u00e9 do \u010cesk\u00e9 republiky. Pra\u017esk\u00e9 O2 universum bude m\u00edstem, kde se K-Pop kultura uk\u00e1\u017ee v pln\u00e9 s\u00edle. A z\u00e1jem p\u0159ekonal ve\u0161ker\u00e1 o\u010dek\u00e1v\u00e1n\u00ed: ve\u010dern\u00ed show je prakticky vyprodan\u00e1, tak\u017ee producent JVS GROUP p\u0159idal druh\u00fd koncert \u2013 odpoledn\u00ed, od 14:00, s cel\u00fdm hledi\u0161t\u011bm na sezen\u00ed.<\/strong><\/p>\n\n\n\n<p><strong>Tohle nen\u00ed jen koncert pro teenagerky s plak\u00e1ty. Jak jsme v redakci zaznamenali, K-Pop si za posledn\u00ed roky vybudoval publikum nap\u0159\u00ed\u010d generacemi, a pr\u00e1v\u011b to se odr\u00e1\u017e\u00ed v tom, jak je pra\u017esk\u00e1 show p\u0159ipravena. Dv\u011b r\u016fzn\u00e1 p\u0159edstaven\u00ed, dva r\u016fzn\u00e9 z\u00e1\u017eitky.<\/strong><\/p>\n\n\n<!-- karaoketexty.cz \/ rectangle2 -->\n<div id=\"PX_37086_709110796310826\"><\/div>\n<script>\n   if(!useMobileAds && !boolUseSeznamAds && !hideAllAds){\n     window.px2 = window.px2 || { conf: {},queue: [] };\n     px2.queue.push(function () {\n        px2.render({\n           slot: {\n              id: 37086\n           },\n            elem: \"PX_37086_709110796310826\"\n        })\n     });\n  }\n<\/script>\n\n<!-- karaoketexty.cz \/ mobile-rectangle3 -->\n<div id=\"PX_37044_714599773297004\"><\/div>\n<script>\n   if(useMobileAds && !boolUseSeznamAds && !hideAllAds){\nwindow.px2 = window.px2 || { conf: {},queue: [] };\npx2.queue.push(function () {\n\tpx2.render({\n\t\tslot: {\n\t\t\tid: 37044\n\t\t},\n\t\telem: \"PX_37044_714599773297004\"\n\t})\n});\n}\n<\/script>\n\n\n<h2 class=\"wp-block-heading\">Co p\u0159esn\u011b K-Pop All Stars nab\u00eddnou<\/h2>\n\n\n\n<p>Na p\u00f3diu zazn\u00ed interpretace nejv\u011bt\u0161\u00edch hit\u016f jmen, kter\u00e1 dnes formuj\u00ed sv\u011btovou popovou sc\u00e9nu: <strong>BTS, BlackPink, Stray Kids, NewJeans, ITZY<\/strong> nebo relativn\u011b nov\u00e1 skupina <strong>Katseye<\/strong>. Show propojuje hudbu s propracovanou choreografi\u00ed a vizu\u00e1ln\u00edmi efekty, kter\u00e9 maj\u00ed fanou\u0161ky p\u0159en\u00e9st p\u0159\u00edmo do atmosf\u00e9ry korejsk\u00fdch megashow.<\/p>\n\n\n\n<p>Kl\u00ed\u010dovou \u010d\u00e1st programu tvo\u0159\u00ed p\u00edsn\u011b z muzik\u00e1lu a oscarov\u00e9ho projektu <strong>Demon Hunters<\/strong> \u2013 a pr\u00e1v\u011b tady show z\u00edsk\u00e1v\u00e1 jin\u00fd rozm\u011br. Dramatick\u00e1, ak\u010dn\u00ed atmosf\u00e9ra t\u011bchto skladeb d\u011bl\u00e1 z ve\u010dera n\u011bco v\u00edc ne\u017e pouhou p\u0159ehl\u00eddku hit\u016f. Je to divadeln\u00ed z\u00e1\u017eitek s K-Pop energi\u00ed.<\/p>\n\n\n<!-- karaoketexty.cz \/ interscroller1 -->\n\n<div id=\"PX_37041_825057871452834\"><\/div>\n<script>\nif(useMobileAds && !boolUseSeznamAds && !hideAllAds){\n\twindow.px2 = window.px2 || { conf: {},queue: [] };\n\tpx2.queue.push(function () {\n\t\tpx2.render({\n\t\t\tslot: {\n\t\t\t\tid: 37041\n\t\t\t},\n\t\t\telem: \"PX_37041_825057871452834\"\n\t\t})\n\t});\n}\n<\/script>\n\n\n<h2 class=\"wp-block-heading\">Odpoledn\u00ed show: pro rodiny s d\u011btmi<\/h2>\n\n\n\n<p>Ve\u010dern\u00ed koncert od 19:00 nab\u00eddne spodn\u00ed \u010d\u00e1st haly k st\u00e1n\u00ed a tanci, speci\u00e1ln\u00ed <strong>Golden Circle z\u00f3nu<\/strong> p\u0159\u00edmo pod p\u00f3diem pro nejv\u011bt\u0161\u00ed fanou\u0161ky a zb\u00fdvaj\u00edc\u00ed m\u00edsta k sezen\u00ed. Jen\u017ee velkou \u010d\u00e1st publika tvo\u0159\u00ed velmi mlad\u00e9 fanynky \u2013 a pro n\u011b st\u00e1t hodiny v tla\u010denici prost\u011b nen\u00ed ide\u00e1ln\u00ed.<\/p>\n\n\n\n<p>Odpoledn\u00ed show od 14:00 proto funguje jinak: <strong>cel\u00e9 hledi\u0161t\u011b je na sezen\u00ed<\/strong>, v\u00fdhled maj\u00ed v\u0161ichni, a rodi\u010de si mohou oddechnout. Vstup osob mlad\u0161\u00edch 15 let je mo\u017en\u00fd pouze v doprovodu osoby star\u0161\u00ed 18 let. Vstupenky jsou v prodeji na <strong>Ticketportal.cz<\/strong> a <strong>Ticketmaster.cz<\/strong>.<\/p>\n\n\n\n<h2 class=\"wp-block-heading\">Pro\u010d pr\u00e1v\u011b te\u010f a pro\u010d Praha<\/h2>\n\n\n\n<p>K-Pop p\u0159estal b\u00fdt okrajov\u00fdm \u017e\u00e1nrem n\u011bkdy kolem roku 2020, kdy BTS obsadili americk\u00e9 \u017eeb\u0159\u00ed\u010dky a BlackPink vyprod\u00e1valy evropsk\u00e9 stadiony. Ale \u010cesk\u00e1 republika na \u017eivou produkci tohoto form\u00e1tu \u010dekala dlouho. P\u0159itom fanou\u0161kovsk\u00e1 komunita tady existuje a je hlasit\u00e1 \u2013 sta\u010d\u00ed se pod\u00edvat na jak\u00e9koli K-Pop f\u00f3rum nebo sledovat prodeje merche.<\/p>\n\n\n\n<p>JVS GROUP vsadila na O2 universum jako spr\u00e1vnou velikost pro prvn\u00ed n\u00e1v\u0161t\u011bvu. Ne stadion, kde by show zanikla v prostoru, ale arena s dostate\u010dnou kapacitou a technick\u00fdm z\u00e1zem\u00edm pro sv\u011bteln\u00e9 a vizu\u00e1ln\u00ed efekty, na nich\u017e K-Pop All Stars stav\u00ed.<\/p>\n\n\n\n<h2 class=\"wp-block-heading\">Kdy a kde<\/h2>\n\n\n\n<p><strong>K-Pop All Stars \u2013 25. \u0159\u00edjna 2026, O2 universum Praha<\/strong><br>Odpoledn\u00ed show: od 14:00 \u2013 cel\u00e9 hledi\u0161t\u011b na sezen\u00ed<br>Ve\u010dern\u00ed show: od 19:00 \u2013 Golden Circle, st\u00e1n\u00ed i sezen\u00ed<\/p>\n\n\n\n<p>Odpoledn\u00ed show je teprve v prodeji \u2013 ale ve\u010dern\u00ed p\u0159edstaven\u00ed u\u017e ukazuje, co se stane, kdy\u017e Praha dostane \u0161anci na podobnou show poprv\u00e9.<\/p>\n\n\n\n<h2 class=\"wp-block-heading\">Zdroje<\/h2>\n\n\n\n<ul class=\"wp-block-list\">\n<li>Ticketmaster.cz \u2013 K-Pop All Stars Praha<\/li>\n\n\n\n<li><a href=\"https:\/\/www.instagram.com\/p\/DXWQKeyjGBY\/\" target=\"_blank\" rel=\"noreferrer noopener\">Instagram JVS Group \u2013 ozn\u00e1men\u00ed druh\u00e9ho koncertu<\/a><\/li>\n\n\n\n<li><a href=\"https:\/\/www.youtube.com\/watch?v=RnGZM_f4Ywo\" target=\"_blank\" rel=\"noreferrer noopener\">YouTube \u2013 K-Pop All Stars poprv\u00e9 v Praze (promo video)<\/a><\/li>\n<\/ul>\n\n\n            <a href=\"https:\/\/www.karaoketexty.cz\/magazin\/spice-girls-z-asie-korejske-blackpink-zazpivaly-jejich-nejvetsi-hit-wannabe\/\" class=\"related-post-link\">\n                <div class=\"post-thumbnail\">\n                    <img decoding=\"async\" width=\"250\" height=\"159\" src=\"https:\/\/www.karaoketexty.cz\/magazin\/wp-content\/uploads\/2025\/08\/Blackpink-asijska-skupina.jpg\" class=\"attachment-250x180 size-250x180 not-transparent\" alt=\"Obr\u00e1zek k \u010dl\u00e1nku: Spice Girls z Asie? Korejsk\u00e9 BLACKPINK zazp\u00edvaly jejich nejv\u011bt\u0161\u00ed hit \u201eWannabe\u201c\" srcset=\"https:\/\/www.karaoketexty.cz\/magazin\/wp-content\/uploads\/2025\/08\/Blackpink-asijska-skupina.jpg 1200w, https:\/\/www.karaoketexty.cz\/magazin\/wp-content\/uploads\/2025\/08\/Blackpink-asijska-skupina-300x191.jpg 300w, https:\/\/www.karaoketexty.cz\/magazin\/wp-content\/uploads\/2025\/08\/Blackpink-asijska-skupina-1024x651.jpg 1024w, https:\/\/www.karaoketexty.cz\/magazin\/wp-content\/uploads\/2025\/08\/Blackpink-asijska-skupina-768x488.jpg 768w\" sizes=\"(max-width: 250px) 100vw, 250px\" data-has-transparency=\"false\" data-dominant-color=\"80627b\" style=\"--dominant-color: #80627b;\" \/>                <\/div>\n                <div class=\"post-details\">\n                    <span class=\"also-read\">\u010ct\u011bte tak\u00e9:<\/span>\n                    <h3 class=\"hed\">Spice Girls z Asie? Korejsk\u00e9 BLACKPINK zazp\u00edvaly jejich nejv\u011bt\u0161\u00ed hit \u201eWannabe\u201c<\/h3>\n                <\/div>\n            <\/a>\n            \n\n            <a href=\"https:\/\/www.karaoketexty.cz\/magazin\/vychazejici-hvezdna-skupina-blackpink-v-novem-modu-skupina-spustila-turne-deadline-a-predstavila-hit-jump\/\" class=\"related-post-link\">\n                <div class=\"post-thumbnail\">\n                    <img decoding=\"async\" width=\"250\" height=\"154\" src=\"https:\/\/www.karaoketexty.cz\/magazin\/wp-content\/uploads\/2025\/08\/blackpink.jpg\" class=\"attachment-250x180 size-250x180 not-transparent\" alt=\"Fotografie ke \u010dl\u00e1nku: BLACKPINK v nov\u00e9m m\u00f3du. Skupina spustila turn\u00e9 \u201eDEADLINE\u201c a p\u0159edstavila hit JUMP\" srcset=\"https:\/\/www.karaoketexty.cz\/magazin\/wp-content\/uploads\/2025\/08\/blackpink.jpg 1200w, https:\/\/www.karaoketexty.cz\/magazin\/wp-content\/uploads\/2025\/08\/blackpink-300x185.jpg 300w, https:\/\/www.karaoketexty.cz\/magazin\/wp-content\/uploads\/2025\/08\/blackpink-1024x632.jpg 1024w, https:\/\/www.karaoketexty.cz\/magazin\/wp-content\/uploads\/2025\/08\/blackpink-768x474.jpg 768w\" sizes=\"(max-width: 250px) 100vw, 250px\" data-has-transparency=\"false\" data-dominant-color=\"544e56\" style=\"--dominant-color: #544e56;\" \/>                <\/div>\n                <div class=\"post-details\">\n                    <span class=\"also-read\">\u010ct\u011bte tak\u00e9:<\/span>\n                    <h3 class=\"hed\">Vych\u00e1zej\u00edc\u00ed hv\u011bzdn\u00e1 skupina BLACKPINK v nov\u00e9m m\u00f3du. Skupina spustila turn\u00e9 \u201eDEADLINE\u201c a p\u0159edstavila hit JUMP<\/h3>\n                <\/div>\n            <\/a>\n            ","protected":false},"excerpt":{"rendered":"<p>Praha se 25. \u0159\u00edjna 2026 stane epicentrem K-Pop kultury. Show K-Pop All Stars s hity BTS, BlackPink nebo Stray Kids doraz\u00ed do O2 universa poprv\u00e9 v historii \u2013 a proto\u017ee prvn\u00ed koncert je t\u00e9m\u011b\u0159 vyprodan\u00fd, p\u0159id\u00e1v\u00e1 producent JVS GROUP odpoledn\u00ed p\u0159edstaven\u00ed od 14:00 s cel\u00fdm hledi\u0161t\u011bm na sezen\u00ed.<\/p>\n","protected":false},"author":4,"featured_media":2066,"comment_status":"open","ping_status":"closed","sticky":false,"template":"","format":"standard","meta":{"_yoast_wpseo_title":"K-Pop All Stars Praha: prvn\u00ed K-Pop koncert v \u010cR %%page%% %%sep%% %%sitename%%","_yoast_wpseo_metadesc":"K-Pop All Stars m\u00ed\u0159\u00ed 25. \u0159\u00edjna 2026 do pra\u017esk\u00e9ho O2 universa. Jeden koncert je vyprodan\u00fd \u2013 p\u0159ib\u00fdv\u00e1 odpoledn\u00ed show od 14:00 s m\u00edsty na sezen\u00ed.","footnotes":""},"categories":[7,1059],"tags":[1199,2334,3146,7249,7250,272,7245,1542,136,7248,1627,7247],"class_list":["post-10614","post","type-post","status-publish","format-standard","has-post-thumbnail","hentry","category-aktuality","category-celebrity","tag-blackpink","tag-bts","tag-hudebni-udalost","tag-itzy","tag-jvs-group","tag-k-pop","tag-k-pop-all-stars","tag-katseye","tag-koncert","tag-newjeans","tag-o2-universum","tag-stray-kids"],"yoast_head":"<!-- This site is optimized with the Yoast SEO plugin v27.4 - https:\/\/yoast.com\/product\/yoast-seo-wordpress\/ -->\n<title>K-Pop All Stars Praha: prvn\u00ed K-Pop koncert v \u010cR - Stars Magaz\u00edn Karaoketexty.cz<\/title>\n<meta name=\"description\" content=\"K-Pop All Stars m\u00ed\u0159\u00ed 25. \u0159\u00edjna 2026 do pra\u017esk\u00e9ho O2 universa. Jeden koncert je vyprodan\u00fd \u2013 p\u0159ib\u00fdv\u00e1 odpoledn\u00ed show od 14:00 s m\u00edsty na sezen\u00ed.\" \/>\n<meta name=\"robots\" content=\"index, follow, max-snippet:-1, max-image-preview:large, max-video-preview:-1\" \/>\n<link rel=\"canonical\" href=\"https:\/\/www.karaoketexty.cz\/magazin\/poprve-v-cesku-k-pop-all-stars-privezou-do-prahy-hvezdy-korejske-popove-sceny-bts-blackpink-a-dalsi\/\" \/>\n<meta property=\"og:locale\" content=\"cs_CZ\" \/>\n<meta property=\"og:type\" content=\"article\" \/>\n<meta property=\"og:title\" content=\"K-Pop All Stars Praha: prvn\u00ed K-Pop koncert v \u010cR - Stars Magaz\u00edn Karaoketexty.cz\" \/>\n<meta property=\"og:description\" content=\"K-Pop All Stars m\u00ed\u0159\u00ed 25. \u0159\u00edjna 2026 do pra\u017esk\u00e9ho O2 universa. Jeden koncert je vyprodan\u00fd \u2013 p\u0159ib\u00fdv\u00e1 odpoledn\u00ed show od 14:00 s m\u00edsty na sezen\u00ed.\" \/>\n<meta property=\"og:url\" content=\"https:\/\/www.karaoketexty.cz\/magazin\/poprve-v-cesku-k-pop-all-stars-privezou-do-prahy-hvezdy-korejske-popove-sceny-bts-blackpink-a-dalsi\/\" \/>\n<meta property=\"og:site_name\" content=\"Stars Magaz\u00edn Karaoketexty.cz\" \/>\n<meta property=\"article:published_time\" content=\"2026-04-25T04:20:00+00:00\" \/>\n<meta property=\"og:image\" content=\"https:\/\/www.karaoketexty.cz\/magazin\/wp-content\/uploads\/2025\/08\/blackpink.jpg\" \/>\n\t<meta property=\"og:image:width\" content=\"1200\" \/>\n\t<meta property=\"og:image:height\" content=\"741\" \/>\n\t<meta property=\"og:image:type\" content=\"image\/jpeg\" \/>\n<meta name=\"author\" content=\"Barbora Kop\u0159ivov\u00e1\" \/>\n<meta name=\"twitter:card\" content=\"summary_large_image\" \/>\n<meta name=\"twitter:label1\" content=\"Napsal(a)\" \/>\n\t<meta name=\"twitter:data1\" content=\"Barbora Kop\u0159ivov\u00e1\" \/>\n\t<meta name=\"twitter:label2\" content=\"Odhadovan\u00e1 doba \u010dten\u00ed\" \/>\n\t<meta name=\"twitter:data2\" content=\"3 minuty\" \/>\n<script type=\"application\/ld+json\" class=\"yoast-schema-graph\">{\"@context\":\"https:\\\/\\\/schema.org\",\"@graph\":[{\"@type\":\"Article\",\"@id\":\"https:\\\/\\\/www.karaoketexty.cz\\\/magazin\\\/poprve-v-cesku-k-pop-all-stars-privezou-do-prahy-hvezdy-korejske-popove-sceny-bts-blackpink-a-dalsi\\\/#article\",\"isPartOf\":{\"@id\":\"https:\\\/\\\/www.karaoketexty.cz\\\/magazin\\\/poprve-v-cesku-k-pop-all-stars-privezou-do-prahy-hvezdy-korejske-popove-sceny-bts-blackpink-a-dalsi\\\/\"},\"author\":{\"name\":\"Barbora Kop\u0159ivov\u00e1\",\"@id\":\"https:\\\/\\\/www.karaoketexty.cz\\\/magazin\\\/#\\\/schema\\\/person\\\/37c0164a04038267c8a56ad6d60df749\"},\"headline\":\"Poprv\u00e9 v \u010cesku: K-Pop All Stars p\u0159ivezou do Prahy hv\u011bzdy korejsk\u00e9 popov\u00e9 sc\u00e9ny BTS, BlackPink a dal\u0161\u00ed\",\"datePublished\":\"2026-04-25T04:20:00+00:00\",\"mainEntityOfPage\":{\"@id\":\"https:\\\/\\\/www.karaoketexty.cz\\\/magazin\\\/poprve-v-cesku-k-pop-all-stars-privezou-do-prahy-hvezdy-korejske-popove-sceny-bts-blackpink-a-dalsi\\\/\"},\"wordCount\":582,\"commentCount\":0,\"image\":{\"@id\":\"https:\\\/\\\/www.karaoketexty.cz\\\/magazin\\\/poprve-v-cesku-k-pop-all-stars-privezou-do-prahy-hvezdy-korejske-popove-sceny-bts-blackpink-a-dalsi\\\/#primaryimage\"},\"thumbnailUrl\":\"https:\\\/\\\/www.karaoketexty.cz\\\/magazin\\\/wp-content\\\/uploads\\\/2025\\\/08\\\/blackpink.jpg\",\"keywords\":[\"BLACKPINK\",\"BTS\",\"hudebn\u00ed ud\u00e1lost\",\"ITZY\",\"JVS GROUP\",\"K-pop\",\"K-Pop All Stars\",\"KATSEYE\",\"koncert\",\"NewJeans\",\"O2 Universum\",\"Stray Kids\"],\"articleSection\":[\"Aktuality\",\"Celebrity\"],\"inLanguage\":\"cs\",\"potentialAction\":[{\"@type\":\"CommentAction\",\"name\":\"Comment\",\"target\":[\"https:\\\/\\\/www.karaoketexty.cz\\\/magazin\\\/poprve-v-cesku-k-pop-all-stars-privezou-do-prahy-hvezdy-korejske-popove-sceny-bts-blackpink-a-dalsi\\\/#respond\"]}]},{\"@type\":\"WebPage\",\"@id\":\"https:\\\/\\\/www.karaoketexty.cz\\\/magazin\\\/poprve-v-cesku-k-pop-all-stars-privezou-do-prahy-hvezdy-korejske-popove-sceny-bts-blackpink-a-dalsi\\\/\",\"url\":\"https:\\\/\\\/www.karaoketexty.cz\\\/magazin\\\/poprve-v-cesku-k-pop-all-stars-privezou-do-prahy-hvezdy-korejske-popove-sceny-bts-blackpink-a-dalsi\\\/\",\"name\":\"K-Pop All Stars Praha: prvn\u00ed K-Pop koncert v \u010cR - Stars Magaz\u00edn Karaoketexty.cz\",\"isPartOf\":{\"@id\":\"https:\\\/\\\/www.karaoketexty.cz\\\/magazin\\\/#website\"},\"primaryImageOfPage\":{\"@id\":\"https:\\\/\\\/www.karaoketexty.cz\\\/magazin\\\/poprve-v-cesku-k-pop-all-stars-privezou-do-prahy-hvezdy-korejske-popove-sceny-bts-blackpink-a-dalsi\\\/#primaryimage\"},\"image\":{\"@id\":\"https:\\\/\\\/www.karaoketexty.cz\\\/magazin\\\/poprve-v-cesku-k-pop-all-stars-privezou-do-prahy-hvezdy-korejske-popove-sceny-bts-blackpink-a-dalsi\\\/#primaryimage\"},\"thumbnailUrl\":\"https:\\\/\\\/www.karaoketexty.cz\\\/magazin\\\/wp-content\\\/uploads\\\/2025\\\/08\\\/blackpink.jpg\",\"datePublished\":\"2026-04-25T04:20:00+00:00\",\"author\":{\"@id\":\"https:\\\/\\\/www.karaoketexty.cz\\\/magazin\\\/#\\\/schema\\\/person\\\/37c0164a04038267c8a56ad6d60df749\"},\"description\":\"K-Pop All Stars m\u00ed\u0159\u00ed 25. \u0159\u00edjna 2026 do pra\u017esk\u00e9ho O2 universa. Jeden koncert je vyprodan\u00fd \u2013 p\u0159ib\u00fdv\u00e1 odpoledn\u00ed show od 14:00 s m\u00edsty na sezen\u00ed.\",\"breadcrumb\":{\"@id\":\"https:\\\/\\\/www.karaoketexty.cz\\\/magazin\\\/poprve-v-cesku-k-pop-all-stars-privezou-do-prahy-hvezdy-korejske-popove-sceny-bts-blackpink-a-dalsi\\\/#breadcrumb\"},\"inLanguage\":\"cs\",\"potentialAction\":[{\"@type\":\"ReadAction\",\"target\":[\"https:\\\/\\\/www.karaoketexty.cz\\\/magazin\\\/poprve-v-cesku-k-pop-all-stars-privezou-do-prahy-hvezdy-korejske-popove-sceny-bts-blackpink-a-dalsi\\\/\"]}]},{\"@type\":\"ImageObject\",\"inLanguage\":\"cs\",\"@id\":\"https:\\\/\\\/www.karaoketexty.cz\\\/magazin\\\/poprve-v-cesku-k-pop-all-stars-privezou-do-prahy-hvezdy-korejske-popove-sceny-bts-blackpink-a-dalsi\\\/#primaryimage\",\"url\":\"https:\\\/\\\/www.karaoketexty.cz\\\/magazin\\\/wp-content\\\/uploads\\\/2025\\\/08\\\/blackpink.jpg\",\"contentUrl\":\"https:\\\/\\\/www.karaoketexty.cz\\\/magazin\\\/wp-content\\\/uploads\\\/2025\\\/08\\\/blackpink.jpg\",\"width\":1200,\"height\":741,\"caption\":\"Fotografie: TV10 (\ud2f0\ube44\ud150) \\\/ Creative Commons \\\/ CC BY 4.0, BLACKPINK\"},{\"@type\":\"BreadcrumbList\",\"@id\":\"https:\\\/\\\/www.karaoketexty.cz\\\/magazin\\\/poprve-v-cesku-k-pop-all-stars-privezou-do-prahy-hvezdy-korejske-popove-sceny-bts-blackpink-a-dalsi\\\/#breadcrumb\",\"itemListElement\":[{\"@type\":\"ListItem\",\"position\":1,\"name\":\"Dom\u016f\",\"item\":\"https:\\\/\\\/www.karaoketexty.cz\\\/magazin\\\/\"},{\"@type\":\"ListItem\",\"position\":2,\"name\":\"Poprv\u00e9 v \u010cesku: K-Pop All Stars p\u0159ivezou do Prahy hv\u011bzdy korejsk\u00e9 popov\u00e9 sc\u00e9ny BTS, BlackPink a dal\u0161\u00ed\"}]},{\"@type\":\"WebSite\",\"@id\":\"https:\\\/\\\/www.karaoketexty.cz\\\/magazin\\\/#website\",\"url\":\"https:\\\/\\\/www.karaoketexty.cz\\\/magazin\\\/\",\"name\":\"Stars Magaz\u00edn Karaoketexty.cz\",\"description\":\"Stars Magaz\u00edn na Karaoketexty.cz je zam\u011b\u0159en\u00fd na novinky ze sv\u011bta hudby a celebrit. Obsahuje \u010dl\u00e1nky o zp\u011bv\u00e1c\u00edch, kapel\u00e1ch, nov\u00fdch albech, hudebn\u00edch trendech a dal\u0161\u00edch zaj\u00edmavostech z hudebn\u00edho pr\u016fmyslu.\",\"potentialAction\":[{\"@type\":\"SearchAction\",\"target\":{\"@type\":\"EntryPoint\",\"urlTemplate\":\"https:\\\/\\\/www.karaoketexty.cz\\\/magazin\\\/?s={search_term_string}\"},\"query-input\":{\"@type\":\"PropertyValueSpecification\",\"valueRequired\":true,\"valueName\":\"search_term_string\"}}],\"inLanguage\":\"cs\"},{\"@type\":\"Person\",\"@id\":\"https:\\\/\\\/www.karaoketexty.cz\\\/magazin\\\/#\\\/schema\\\/person\\\/37c0164a04038267c8a56ad6d60df749\",\"name\":\"Barbora Kop\u0159ivov\u00e1\",\"image\":{\"@type\":\"ImageObject\",\"inLanguage\":\"cs\",\"@id\":\"https:\\\/\\\/secure.gravatar.com\\\/avatar\\\/ad2ef9810228386d580851ef4bdde76abaa96054ff5b068c8873bc91afb2df84?s=96&d=mm&r=g\",\"url\":\"https:\\\/\\\/secure.gravatar.com\\\/avatar\\\/ad2ef9810228386d580851ef4bdde76abaa96054ff5b068c8873bc91afb2df84?s=96&d=mm&r=g\",\"contentUrl\":\"https:\\\/\\\/secure.gravatar.com\\\/avatar\\\/ad2ef9810228386d580851ef4bdde76abaa96054ff5b068c8873bc91afb2df84?s=96&d=mm&r=g\",\"caption\":\"Barbora Kop\u0159ivov\u00e1\"},\"url\":\"https:\\\/\\\/www.karaoketexty.cz\\\/magazin\\\/author\\\/barborakoprivova\\\/\"}]}<\/script>\n<!-- \/ Yoast SEO plugin. -->","yoast_head_json":{"title":"K-Pop All Stars Praha: prvn\u00ed K-Pop koncert v \u010cR - Stars Magaz\u00edn Karaoketexty.cz","description":"K-Pop All Stars m\u00ed\u0159\u00ed 25. \u0159\u00edjna 2026 do pra\u017esk\u00e9ho O2 universa. Jeden koncert je vyprodan\u00fd \u2013 p\u0159ib\u00fdv\u00e1 odpoledn\u00ed show od 14:00 s m\u00edsty na sezen\u00ed.","robots":{"index":"index","follow":"follow","max-snippet":"max-snippet:-1","max-image-preview":"max-image-preview:large","max-video-preview":"max-video-preview:-1"},"canonical":"https:\/\/www.karaoketexty.cz\/magazin\/poprve-v-cesku-k-pop-all-stars-privezou-do-prahy-hvezdy-korejske-popove-sceny-bts-blackpink-a-dalsi\/","og_locale":"cs_CZ","og_type":"article","og_title":"K-Pop All Stars Praha: prvn\u00ed K-Pop koncert v \u010cR - Stars Magaz\u00edn Karaoketexty.cz","og_description":"K-Pop All Stars m\u00ed\u0159\u00ed 25. \u0159\u00edjna 2026 do pra\u017esk\u00e9ho O2 universa. Jeden koncert je vyprodan\u00fd \u2013 p\u0159ib\u00fdv\u00e1 odpoledn\u00ed show od 14:00 s m\u00edsty na sezen\u00ed.","og_url":"https:\/\/www.karaoketexty.cz\/magazin\/poprve-v-cesku-k-pop-all-stars-privezou-do-prahy-hvezdy-korejske-popove-sceny-bts-blackpink-a-dalsi\/","og_site_name":"Stars Magaz\u00edn Karaoketexty.cz","article_published_time":"2026-04-25T04:20:00+00:00","og_image":[{"width":1200,"height":741,"url":"https:\/\/www.karaoketexty.cz\/magazin\/wp-content\/uploads\/2025\/08\/blackpink.jpg","type":"image\/jpeg"}],"author":"Barbora Kop\u0159ivov\u00e1","twitter_card":"summary_large_image","twitter_misc":{"Napsal(a)":"Barbora Kop\u0159ivov\u00e1","Odhadovan\u00e1 doba \u010dten\u00ed":"3 minuty"},"schema":{"@context":"https:\/\/schema.org","@graph":[{"@type":"Article","@id":"https:\/\/www.karaoketexty.cz\/magazin\/poprve-v-cesku-k-pop-all-stars-privezou-do-prahy-hvezdy-korejske-popove-sceny-bts-blackpink-a-dalsi\/#article","isPartOf":{"@id":"https:\/\/www.karaoketexty.cz\/magazin\/poprve-v-cesku-k-pop-all-stars-privezou-do-prahy-hvezdy-korejske-popove-sceny-bts-blackpink-a-dalsi\/"},"author":{"name":"Barbora Kop\u0159ivov\u00e1","@id":"https:\/\/www.karaoketexty.cz\/magazin\/#\/schema\/person\/37c0164a04038267c8a56ad6d60df749"},"headline":"Poprv\u00e9 v \u010cesku: K-Pop All Stars p\u0159ivezou do Prahy hv\u011bzdy korejsk\u00e9 popov\u00e9 sc\u00e9ny BTS, BlackPink a dal\u0161\u00ed","datePublished":"2026-04-25T04:20:00+00:00","mainEntityOfPage":{"@id":"https:\/\/www.karaoketexty.cz\/magazin\/poprve-v-cesku-k-pop-all-stars-privezou-do-prahy-hvezdy-korejske-popove-sceny-bts-blackpink-a-dalsi\/"},"wordCount":582,"commentCount":0,"image":{"@id":"https:\/\/www.karaoketexty.cz\/magazin\/poprve-v-cesku-k-pop-all-stars-privezou-do-prahy-hvezdy-korejske-popove-sceny-bts-blackpink-a-dalsi\/#primaryimage"},"thumbnailUrl":"https:\/\/www.karaoketexty.cz\/magazin\/wp-content\/uploads\/2025\/08\/blackpink.jpg","keywords":["BLACKPINK","BTS","hudebn\u00ed ud\u00e1lost","ITZY","JVS GROUP","K-pop","K-Pop All Stars","KATSEYE","koncert","NewJeans","O2 Universum","Stray Kids"],"articleSection":["Aktuality","Celebrity"],"inLanguage":"cs","potentialAction":[{"@type":"CommentAction","name":"Comment","target":["https:\/\/www.karaoketexty.cz\/magazin\/poprve-v-cesku-k-pop-all-stars-privezou-do-prahy-hvezdy-korejske-popove-sceny-bts-blackpink-a-dalsi\/#respond"]}]},{"@type":"WebPage","@id":"https:\/\/www.karaoketexty.cz\/magazin\/poprve-v-cesku-k-pop-all-stars-privezou-do-prahy-hvezdy-korejske-popove-sceny-bts-blackpink-a-dalsi\/","url":"https:\/\/www.karaoketexty.cz\/magazin\/poprve-v-cesku-k-pop-all-stars-privezou-do-prahy-hvezdy-korejske-popove-sceny-bts-blackpink-a-dalsi\/","name":"K-Pop All Stars Praha: prvn\u00ed K-Pop koncert v \u010cR - Stars Magaz\u00edn Karaoketexty.cz","isPartOf":{"@id":"https:\/\/www.karaoketexty.cz\/magazin\/#website"},"primaryImageOfPage":{"@id":"https:\/\/www.karaoketexty.cz\/magazin\/poprve-v-cesku-k-pop-all-stars-privezou-do-prahy-hvezdy-korejske-popove-sceny-bts-blackpink-a-dalsi\/#primaryimage"},"image":{"@id":"https:\/\/www.karaoketexty.cz\/magazin\/poprve-v-cesku-k-pop-all-stars-privezou-do-prahy-hvezdy-korejske-popove-sceny-bts-blackpink-a-dalsi\/#primaryimage"},"thumbnailUrl":"https:\/\/www.karaoketexty.cz\/magazin\/wp-content\/uploads\/2025\/08\/blackpink.jpg","datePublished":"2026-04-25T04:20:00+00:00","author":{"@id":"https:\/\/www.karaoketexty.cz\/magazin\/#\/schema\/person\/37c0164a04038267c8a56ad6d60df749"},"description":"K-Pop All Stars m\u00ed\u0159\u00ed 25. \u0159\u00edjna 2026 do pra\u017esk\u00e9ho O2 universa. Jeden koncert je vyprodan\u00fd \u2013 p\u0159ib\u00fdv\u00e1 odpoledn\u00ed show od 14:00 s m\u00edsty na sezen\u00ed.","breadcrumb":{"@id":"https:\/\/www.karaoketexty.cz\/magazin\/poprve-v-cesku-k-pop-all-stars-privezou-do-prahy-hvezdy-korejske-popove-sceny-bts-blackpink-a-dalsi\/#breadcrumb"},"inLanguage":"cs","potentialAction":[{"@type":"ReadAction","target":["https:\/\/www.karaoketexty.cz\/magazin\/poprve-v-cesku-k-pop-all-stars-privezou-do-prahy-hvezdy-korejske-popove-sceny-bts-blackpink-a-dalsi\/"]}]},{"@type":"ImageObject","inLanguage":"cs","@id":"https:\/\/www.karaoketexty.cz\/magazin\/poprve-v-cesku-k-pop-all-stars-privezou-do-prahy-hvezdy-korejske-popove-sceny-bts-blackpink-a-dalsi\/#primaryimage","url":"https:\/\/www.karaoketexty.cz\/magazin\/wp-content\/uploads\/2025\/08\/blackpink.jpg","contentUrl":"https:\/\/www.karaoketexty.cz\/magazin\/wp-content\/uploads\/2025\/08\/blackpink.jpg","width":1200,"height":741,"caption":"Fotografie: TV10 (\ud2f0\ube44\ud150) \/ Creative Commons \/ CC BY 4.0, BLACKPINK"},{"@type":"BreadcrumbList","@id":"https:\/\/www.karaoketexty.cz\/magazin\/poprve-v-cesku-k-pop-all-stars-privezou-do-prahy-hvezdy-korejske-popove-sceny-bts-blackpink-a-dalsi\/#breadcrumb","itemListElement":[{"@type":"ListItem","position":1,"name":"Dom\u016f","item":"https:\/\/www.karaoketexty.cz\/magazin\/"},{"@type":"ListItem","position":2,"name":"Poprv\u00e9 v \u010cesku: K-Pop All Stars p\u0159ivezou do Prahy hv\u011bzdy korejsk\u00e9 popov\u00e9 sc\u00e9ny BTS, BlackPink a dal\u0161\u00ed"}]},{"@type":"WebSite","@id":"https:\/\/www.karaoketexty.cz\/magazin\/#website","url":"https:\/\/www.karaoketexty.cz\/magazin\/","name":"Stars Magaz\u00edn Karaoketexty.cz","description":"Stars Magaz\u00edn na Karaoketexty.cz je zam\u011b\u0159en\u00fd na novinky ze sv\u011bta hudby a celebrit. Obsahuje \u010dl\u00e1nky o zp\u011bv\u00e1c\u00edch, kapel\u00e1ch, nov\u00fdch albech, hudebn\u00edch trendech a dal\u0161\u00edch zaj\u00edmavostech z hudebn\u00edho pr\u016fmyslu.","potentialAction":[{"@type":"SearchAction","target":{"@type":"EntryPoint","urlTemplate":"https:\/\/www.karaoketexty.cz\/magazin\/?s={search_term_string}"},"query-input":{"@type":"PropertyValueSpecification","valueRequired":true,"valueName":"search_term_string"}}],"inLanguage":"cs"},{"@type":"Person","@id":"https:\/\/www.karaoketexty.cz\/magazin\/#\/schema\/person\/37c0164a04038267c8a56ad6d60df749","name":"Barbora Kop\u0159ivov\u00e1","image":{"@type":"ImageObject","inLanguage":"cs","@id":"https:\/\/secure.gravatar.com\/avatar\/ad2ef9810228386d580851ef4bdde76abaa96054ff5b068c8873bc91afb2df84?s=96&d=mm&r=g","url":"https:\/\/secure.gravatar.com\/avatar\/ad2ef9810228386d580851ef4bdde76abaa96054ff5b068c8873bc91afb2df84?s=96&d=mm&r=g","contentUrl":"https:\/\/secure.gravatar.com\/avatar\/ad2ef9810228386d580851ef4bdde76abaa96054ff5b068c8873bc91afb2df84?s=96&d=mm&r=g","caption":"Barbora Kop\u0159ivov\u00e1"},"url":"https:\/\/www.karaoketexty.cz\/magazin\/author\/barborakoprivova\/"}]}},"_links":{"self":[{"href":"https:\/\/www.karaoketexty.cz\/magazin\/wp-json\/wp\/v2\/posts\/10614","targetHints":{"allow":["GET"]}}],"collection":[{"href":"https:\/\/www.karaoketexty.cz\/magazin\/wp-json\/wp\/v2\/posts"}],"about":[{"href":"https:\/\/www.karaoketexty.cz\/magazin\/wp-json\/wp\/v2\/types\/post"}],"author":[{"embeddable":true,"href":"https:\/\/www.karaoketexty.cz\/magazin\/wp-json\/wp\/v2\/users\/4"}],"replies":[{"embeddable":true,"href":"https:\/\/www.karaoketexty.cz\/magazin\/wp-json\/wp\/v2\/comments?post=10614"}],"version-history":[{"count":2,"href":"https:\/\/www.karaoketexty.cz\/magazin\/wp-json\/wp\/v2\/posts\/10614\/revisions"}],"predecessor-version":[{"id":10620,"href":"https:\/\/www.karaoketexty.cz\/magazin\/wp-json\/wp\/v2\/posts\/10614\/revisions\/10620"}],"wp:featuredmedia":[{"embeddable":true,"href":"https:\/\/www.karaoketexty.cz\/magazin\/wp-json\/wp\/v2\/media\/2066"}],"wp:attachment":[{"href":"https:\/\/www.karaoketexty.cz\/magazin\/wp-json\/wp\/v2\/media?parent=10614"}],"wp:term":[{"taxonomy":"category","embeddable":true,"href":"https:\/\/www.karaoketexty.cz\/magazin\/wp-json\/wp\/v2\/categories?post=10614"},{"taxonomy":"post_tag","embeddable":true,"href":"https:\/\/www.karaoketexty.cz\/magazin\/wp-json\/wp\/v2\/tags?post=10614"}],"curies":[{"name":"wp","href":"https:\/\/api.w.org\/{rel}","templated":true}]}}