{"id":10563,"date":"2026-04-30T10:18:00","date_gmt":"2026-04-30T08:18:00","guid":{"rendered":"https:\/\/www.karaoketexty.cz\/magazin\/?p=10563"},"modified":"2026-04-29T09:20:48","modified_gmt":"2026-04-29T07:20:48","slug":"nejvetsi-modni-momenty-vecera-ceny-andel-kdo-byl-kralem-cerveneho-koberce","status":"publish","type":"post","link":"https:\/\/www.karaoketexty.cz\/magazin\/nejvetsi-modni-momenty-vecera-ceny-andel-kdo-byl-kralem-cerveneho-koberce\/","title":{"rendered":"Nejv\u011bt\u0161\u00ed m\u00f3dn\u00ed momenty ve\u010dera Ceny And\u011bl: Kdo byl kr\u00e1lem \u010derven\u00e9ho koberce"},"content":{"rendered":"\n<p><strong>Slavnostn\u00ed ve\u010der cen And\u011bl v Praze se letos prom\u011bnil v p\u0159ehl\u00eddku v\u00fdrazn\u00fdch outfit\u016f, kde hudba ustoupila a hlavn\u00ed roli p\u0159evzala m\u00f3da.<\/strong><\/p>\n\n\n\n<p>Leto\u0161n\u00ed ro\u010dn\u00edk cen And\u011bl nep\u0159inesl jenom pouh\u00e9 hudebn\u00ed ceny, ale i pro oko slibnou vizu\u00e1ln\u00ed show, kter\u00e1 rozpoutala mezi lidmi debaty o stylu, odvaze i prom\u011bn\u00e1ch \u010desk\u00fdch a slovensk\u00fdch hv\u011bzd, jak jsme si v redakci Karaoketexty.cz v\u0161imli. Poj\u010fme se pod\u00edvat, kdo z\u00e1\u0159il a p\u0159ekvapil.<\/p>\n\n\n<!-- karaoketexty.cz \/ rectangle2 -->\n<div id=\"PX_37086_709110796310826\"><\/div>\n<script>\n   if(!useMobileAds && !boolUseSeznamAds && !hideAllAds){\n     window.px2 = window.px2 || { conf: {},queue: [] };\n     px2.queue.push(function () {\n        px2.render({\n           slot: {\n              id: 37086\n           },\n            elem: \"PX_37086_709110796310826\"\n        })\n     });\n  }\n<\/script>\n\n<!-- karaoketexty.cz \/ mobile-rectangle3 -->\n<div id=\"PX_37044_714599773297004\"><\/div>\n<script>\n   if(useMobileAds && !boolUseSeznamAds && !hideAllAds){\nwindow.px2 = window.px2 || { conf: {},queue: [] };\npx2.queue.push(function () {\n\tpx2.render({\n\t\tslot: {\n\t\t\tid: 37044\n\t\t},\n\t\telem: \"PX_37044_714599773297004\"\n\t})\n});\n}\n<\/script>\n\n\n<h2 class=\"wp-block-heading\">Hudebn\u00ed ceny p\u0159erostly v m\u00f3dn\u00ed show<\/h2>\n\n\n\n<p>Ceny And\u011bl pat\u0159\u00ed u\u017e klasicky k nejv\u00fdznamn\u011bj\u0161\u00edm ud\u00e1lostem \u010desk\u00e9 hudebn\u00ed sc\u00e9ny, ale posledn\u00ed roky ukazuj\u00ed, \u017ee jejich sou\u010d\u00e1st\u00ed je st\u00e1le v\u011bt\u0161\u00ed s\u00e1zka na m\u00f3du. Um\u011blci u\u017e d\u00e1vno nevstupuj\u00ed na \u010derven\u00fd koberec jen jako hudebn\u00edci. St\u00e1vaj\u00ed se b\u011bhem toho m\u00f3dn\u00edmi ikonami, kter\u00e9 skrz oble\u010den\u00ed ukazuj\u00ed, kdo jsou.<\/p>\n\n\n\n<p>Letos se do centra pozornosti dostali p\u0159ev\u00e1\u017en\u011b z\u00e1stupci slovensk\u00e9 m\u00f3dn\u00ed sc\u00e9ny, kte\u0159\u00ed m\u011bli nemalou z\u00e1sluhu na celkov\u00e9m dojmu ve\u010dera. Vedle nich v\u0161ak zaz\u00e1\u0159ily i \u010desk\u00e9 interpretky, kter\u00e9 vsadily na kontrast mezi eleganc\u00ed a odv\u00e1\u017en\u00fdmi st\u0159ihy.<\/p>\n\n\n<!-- karaoketexty.cz \/ interscroller1 -->\n\n<div id=\"PX_37041_825057871452834\"><\/div>\n<script>\nif(useMobileAds && !boolUseSeznamAds && !hideAllAds){\n\twindow.px2 = window.px2 || { conf: {},queue: [] };\n\tpx2.queue.push(function () {\n\t\tpx2.render({\n\t\t\tslot: {\n\t\t\t\tid: 37041\n\t\t\t},\n\t\t\telem: \"PX_37041_825057871452834\"\n\t\t})\n\t});\n}\n<\/script>\n\n\n<h2 class=\"wp-block-heading\">Slovensk\u00e1 m\u00f3da dominovala ve\u010deru<\/h2>\n\n\n\n<p>Jedn\u00edm z nejv\u00edce zapamatovateln\u00fdch moment\u016f ve\u010dera byl vstup dvojice Emma Drobn\u00e1 a Adonxs (Adam Pavlov\u010din). Oba pat\u0159\u00ed mezi v\u00edt\u011bze talentov\u00e9 sout\u011b\u017ee Superstar a u\u017e zna\u010dnou dobu si buduj\u00ed origin\u00e1ln\u00ed image, kter\u00e1 propojuje hudbu s m\u00f3dn\u00edm experimentem. Na tuto p\u0159\u00edle\u017eitost si vybrali tvorbu slovensk\u00e9ho n\u00e1vrh\u00e1\u0159e Marcela Holubce W., jeho\u017e kolekce inspirovan\u00e1 motivy Johanky z Arku stav\u011bla na kontrastech s\u00edly a jemnosti. Emma Drobn\u00e1 zaujala kombinac\u00ed t\u0159pytiv\u00e9ho topu a asymetrick\u00e9 mini sukn\u011b, kter\u00e1 zd\u016fraznila dynamiku cel\u00e9ho outfitu.<\/p>\n\n\n\n<p>Adonxs naopak vsadil na dramatick\u00fd oblek s barevn\u00fdm p\u0159echodem a dopl\u0148ky, kter\u00e9 naru\u0161ovaly tradi\u010dn\u00ed hranice p\u00e1nsk\u00e9 elegance. V\u00fdsledkem byl vizu\u00e1ln\u011b siln\u00fd p\u00e1r, kter\u00fd p\u016fsobil sp\u00ed\u0161e jako m\u00f3dn\u00ed editorial ne\u017e b\u011b\u017en\u00fd gala vstup.<\/p>\n\n\n\n<h2 class=\"wp-block-heading\">Ewa Farna, Elizabeth Kopeck\u00e1 a Sharlota<\/h2>\n\n\n\n<p>V\u00fdrazn\u00fd m\u00f3dn\u00ed styl p\u0159inesla tak\u00e9 Ewa Farna, kter\u00e1 vsadila na v\u00fdraznou \u010dervenou r\u00f3bu s netradi\u010dn\u011b \u0159e\u0161en\u00fdm zaj\u00edmav\u00fdm rozparkem. Model od slovensk\u00e9ho n\u00e1vrh\u00e1\u0159e Borise Kr\u00e1le kombinoval eleganci s lehkou extravaganc\u00ed a okam\u017eit\u011b se za\u0159adil mezi nejdiskutovan\u011bj\u0161\u00ed outfity ve\u010dera. Doplnil to je\u0161t\u011b o kr\u00e1tk\u00fd bomber, kter\u00fd cel\u00fd look posunul od klasick\u00e9 ve\u010dern\u00ed r\u00f3by k modern\u011bj\u0161\u00edmu, m\u011bstsk\u00e9mu pojet\u00ed. Jej\u00ed vzhled lid\u00e9 rozeb\u00edrali asi nejv\u00edce.<\/p>\n\n\n\n<blockquote class=\"instagram-media\" data-instgrm-captioned data-instgrm-permalink=\"https:\/\/www.instagram.com\/p\/DXBcUkTjLD1\/?utm_source=ig_embed&amp;utm_campaign=loading\" data-instgrm-version=\"14\" style=\" background:#FFF; border:0; border-radius:3px; box-shadow:0 0 1px 0 rgba(0,0,0,0.5),0 1px 10px 0 rgba(0,0,0,0.15); margin: 1px; max-width:540px; min-width:326px; padding:0; width:99.375%; width:-webkit-calc(100% - 2px); width:calc(100% - 2px);\"><div style=\"padding:16px;\"> <a href=\"https:\/\/www.instagram.com\/p\/DXBcUkTjLD1\/?utm_source=ig_embed&amp;utm_campaign=loading\" style=\" background:#FFFFFF; line-height:0; padding:0 0; text-align:center; text-decoration:none; width:100%;\" target=\"_blank\"> <div style=\" display: flex; flex-direction: row; align-items: center;\"> <div style=\"background-color: #F4F4F4; border-radius: 50%; flex-grow: 0; height: 40px; margin-right: 14px; width: 40px;\"><\/div> <div style=\"display: flex; flex-direction: column; flex-grow: 1; justify-content: center;\"> <div style=\" background-color: #F4F4F4; border-radius: 4px; flex-grow: 0; height: 14px; margin-bottom: 6px; width: 100px;\"><\/div> <div style=\" background-color: #F4F4F4; border-radius: 4px; flex-grow: 0; height: 14px; width: 60px;\"><\/div><\/div><\/div><div style=\"padding: 19% 0;\"><\/div> <div style=\"display:block; height:50px; margin:0 auto 12px; width:50px;\"><svg width=\"50px\" height=\"50px\" viewBox=\"0 0 60 60\" version=\"1.1\" xmlns=\"https:\/\/www.w3.org\/2000\/svg\" xmlns:xlink=\"https:\/\/www.w3.org\/1999\/xlink\"><g stroke=\"none\" stroke-width=\"1\" fill=\"none\" fill-rule=\"evenodd\"><g transform=\"translate(-511.000000, -20.000000)\" fill=\"#000000\"><g><path d=\"M556.869,30.41 C554.814,30.41 553.148,32.076 553.148,34.131 C553.148,36.186 554.814,37.852 556.869,37.852 C558.924,37.852 560.59,36.186 560.59,34.131 C560.59,32.076 558.924,30.41 556.869,30.41 M541,60.657 C535.114,60.657 530.342,55.887 530.342,50 C530.342,44.114 535.114,39.342 541,39.342 C546.887,39.342 551.658,44.114 551.658,50 C551.658,55.887 546.887,60.657 541,60.657 M541,33.886 C532.1,33.886 524.886,41.1 524.886,50 C524.886,58.899 532.1,66.113 541,66.113 C549.9,66.113 557.115,58.899 557.115,50 C557.115,41.1 549.9,33.886 541,33.886 M565.378,62.101 C565.244,65.022 564.756,66.606 564.346,67.663 C563.803,69.06 563.154,70.057 562.106,71.106 C561.058,72.155 560.06,72.803 558.662,73.347 C557.607,73.757 556.021,74.244 553.102,74.378 C549.944,74.521 548.997,74.552 541,74.552 C533.003,74.552 532.056,74.521 528.898,74.378 C525.979,74.244 524.393,73.757 523.338,73.347 C521.94,72.803 520.942,72.155 519.894,71.106 C518.846,70.057 518.197,69.06 517.654,67.663 C517.244,66.606 516.755,65.022 516.623,62.101 C516.479,58.943 516.448,57.996 516.448,50 C516.448,42.003 516.479,41.056 516.623,37.899 C516.755,34.978 517.244,33.391 517.654,32.338 C518.197,30.938 518.846,29.942 519.894,28.894 C520.942,27.846 521.94,27.196 523.338,26.654 C524.393,26.244 525.979,25.756 528.898,25.623 C532.057,25.479 533.004,25.448 541,25.448 C548.997,25.448 549.943,25.479 553.102,25.623 C556.021,25.756 557.607,26.244 558.662,26.654 C560.06,27.196 561.058,27.846 562.106,28.894 C563.154,29.942 563.803,30.938 564.346,32.338 C564.756,33.391 565.244,34.978 565.378,37.899 C565.522,41.056 565.552,42.003 565.552,50 C565.552,57.996 565.522,58.943 565.378,62.101 M570.82,37.631 C570.674,34.438 570.167,32.258 569.425,30.349 C568.659,28.377 567.633,26.702 565.965,25.035 C564.297,23.368 562.623,22.342 560.652,21.575 C558.743,20.834 556.562,20.326 553.369,20.18 C550.169,20.033 549.148,20 541,20 C532.853,20 531.831,20.033 528.631,20.18 C525.438,20.326 523.257,20.834 521.349,21.575 C519.376,22.342 517.703,23.368 516.035,25.035 C514.368,26.702 513.342,28.377 512.574,30.349 C511.834,32.258 511.326,34.438 511.181,37.631 C511.035,40.831 511,41.851 511,50 C511,58.147 511.035,59.17 511.181,62.369 C511.326,65.562 511.834,67.743 512.574,69.651 C513.342,71.625 514.368,73.296 516.035,74.965 C517.703,76.634 519.376,77.658 521.349,78.425 C523.257,79.167 525.438,79.673 528.631,79.82 C531.831,79.965 532.853,80.001 541,80.001 C549.148,80.001 550.169,79.965 553.369,79.82 C556.562,79.673 558.743,79.167 560.652,78.425 C562.623,77.658 564.297,76.634 565.965,74.965 C567.633,73.296 568.659,71.625 569.425,69.651 C570.167,67.743 570.674,65.562 570.82,62.369 C570.966,59.17 571,58.147 571,50 C571,41.851 570.966,40.831 570.82,37.631\"><\/path><\/g><\/g><\/g><\/svg><\/div><div style=\"padding-top: 8px;\"> <div style=\" color:#3897f0; font-family:Arial,sans-serif; font-size:14px; font-style:normal; font-weight:550; line-height:18px;\">Zobrazit p\u0159\u00edsp\u011bvek na Instagramu<\/div><\/div><div style=\"padding: 12.5% 0;\"><\/div> <div style=\"display: flex; flex-direction: row; margin-bottom: 14px; align-items: center;\"><div> <div style=\"background-color: #F4F4F4; border-radius: 50%; height: 12.5px; width: 12.5px; transform: translateX(0px) translateY(7px);\"><\/div> <div style=\"background-color: #F4F4F4; height: 12.5px; transform: rotate(-45deg) translateX(3px) translateY(1px); width: 12.5px; flex-grow: 0; margin-right: 14px; margin-left: 2px;\"><\/div> <div style=\"background-color: #F4F4F4; border-radius: 50%; height: 12.5px; width: 12.5px; transform: translateX(9px) translateY(-18px);\"><\/div><\/div><div style=\"margin-left: 8px;\"> <div style=\" background-color: #F4F4F4; border-radius: 50%; flex-grow: 0; height: 20px; width: 20px;\"><\/div> <div style=\" width: 0; height: 0; border-top: 2px solid transparent; border-left: 6px solid #f4f4f4; border-bottom: 2px solid transparent; transform: translateX(16px) translateY(-4px) rotate(30deg)\"><\/div><\/div><div style=\"margin-left: auto;\"> <div style=\" width: 0px; border-top: 8px solid #F4F4F4; border-right: 8px solid transparent; transform: translateY(16px);\"><\/div> <div style=\" background-color: #F4F4F4; flex-grow: 0; height: 12px; width: 16px; transform: translateY(-4px);\"><\/div> <div style=\" width: 0; height: 0; border-top: 8px solid #F4F4F4; border-left: 8px solid transparent; transform: translateY(-4px) translateX(8px);\"><\/div><\/div><\/div> <div style=\"display: flex; flex-direction: column; flex-grow: 1; justify-content: center; margin-bottom: 24px;\"> <div style=\" background-color: #F4F4F4; border-radius: 4px; flex-grow: 0; height: 14px; margin-bottom: 6px; width: 224px;\"><\/div> <div style=\" background-color: #F4F4F4; border-radius: 4px; flex-grow: 0; height: 14px; width: 144px;\"><\/div><\/div><\/a><p style=\" color:#c9c8cd; font-family:Arial,sans-serif; font-size:14px; line-height:17px; margin-bottom:0; margin-top:8px; overflow:hidden; padding:8px 0 7px; text-align:center; text-overflow:ellipsis; white-space:nowrap;\"><a href=\"https:\/\/www.instagram.com\/p\/DXBcUkTjLD1\/?utm_source=ig_embed&amp;utm_campaign=loading\" style=\" color:#c9c8cd; font-family:Arial,sans-serif; font-size:14px; font-style:normal; font-weight:normal; line-height:17px; text-decoration:none;\" target=\"_blank\">P\u0159\u00edsp\u011bvek sd\u00edlen\u00fd Ewa Farna (@ewa_farna93)<\/a><\/p><\/div><\/blockquote>\n<script async src=\"\/\/www.instagram.com\/embed.js\"><\/script>\n\n\n\n<p>Na \u010derven\u00e9m koberci se objevila i zp\u011bva\u010dka Elizabeth Kopeck\u00e1, kter\u00e1 vsadila na \u010dernou krajku a odv\u00e1\u017en\u00e9 pr\u016fsvitn\u00e9 materi\u00e1ly. Jej\u00ed outfit pracoval s jemnou rovnov\u00e1hou mezi eleganc\u00ed a smyslnost\u00ed, ani\u017e by p\u016fsobil p\u0159ehnan\u011b nebo lacin\u011b. Je\u0161t\u011b v\u00fdrazn\u011bj\u0161\u00ed reakce vyvolala raperka Sharlota, kter\u00e1 p\u0159i\u0161la v olivov\u011b lad\u011bn\u00e9 r\u00f3b\u011b dopln\u011bn\u00e9 ob\u0159\u00ed ma\u0161l\u00ed v kontrastn\u00ed barv\u011b. Tento prvek nejen vizu\u00e1ln\u011b dominoval, ale z\u00e1rove\u0148 fungoval jako v\u00fdrazn\u00fd stylingov\u00fd statement.<\/p>\n\n\n\n<h2 class=\"wp-block-heading\">P\u0159ekvapen\u00edm byla prom\u011bna Lenny<\/h2>\n\n\n\n<p>Nejv\u011bt\u0161\u00ed p\u0159ekvapen\u00ed ve\u010dera v\u0161ak p\u0159inesla Lenny, kter\u00e1 b\u011bhem jednoho ve\u010dera uk\u00e1zala hned dv\u011b tv\u00e1\u0159e. Na p\u00f3diu zvolila odv\u00e1\u017en\u00fd model s pruhovan\u00fdmi liniemi, kter\u00fd pracoval s odhalen\u00fdmi i zakryt\u00fdmi \u010d\u00e1stmi t\u011bla a vytv\u00e1\u0159el silnou vizu\u00e1ln\u00ed dynamiku. Pozd\u011bji se p\u0159evl\u00e9kla do st\u0159\u00edbrn\u00fdch \u0161at\u016f s otev\u0159en\u00fdmi z\u00e1dy, kter\u00e9 d\u00edky kovov\u00e9mu materi\u00e1lu reagovaly na sv\u011btlo a pohyb. V\u00fdsledn\u00fd efekt p\u016fsobil t\u00e9m\u011b\u0159 filmov\u011b a v\u00fdrazn\u011b zm\u011bnil jej\u00ed dosavadn\u00ed ve\u0159ejn\u00fd obraz. Prom\u011bnu mnoz\u00ed ozna\u010dili za \u201enejv\u011bt\u0161\u00ed m\u00f3dn\u00ed moment ve\u010dera\u201c.<\/p>\n\n\n\n<h2 class=\"wp-block-heading\">M\u00f3da jako jazyk sou\u010dasn\u00e9 hudby<\/h2>\n\n\n\n<p>M\u00f3da ukazuje kulturn\u00ed, soci\u00e1ln\u00ed i ekonomick\u00e9 zm\u011bny spole\u010dnosti. V historii se v\u017edycky vyv\u00edjela spolu s um\u011bn\u00edm, politikou i technologiemi. Modern\u00ed m\u00f3da je spojena s m\u00e9dii a digit\u00e1ln\u00edm prost\u0159ed\u00edm. Soci\u00e1ln\u00ed s\u00edt\u011b urychlily \u0161\u00ed\u0159en\u00ed trend\u016f a prom\u011bnily p\u0159ehl\u00eddky v glob\u00e1ln\u00ed ud\u00e1losti, a tak se ka\u017ed\u00fd outfit st\u00e1v\u00e1 sou\u010d\u00e1st\u00ed \u0161ir\u0161\u00edho vizu\u00e1ln\u00edho narativu.<\/p>\n\n\n\n<p>Z\u00e1rove\u0148 slou\u017e\u00ed i jako prost\u0159edek sebevyj\u00e1d\u0159en\u00ed identity. Lid\u00e9 skrz oble\u010den\u00ed p\u0159edv\u00e1d\u00ed sv\u016fj postoj, p\u0159\u00edslu\u0161nost i osobn\u00ed estetiku. V p\u0159\u00edpad\u011b celebrit je tento efekt je\u0161t\u011b v\u00fdrazn\u011bj\u0161\u00ed d\u00edky ve\u0159ejn\u00e9 viditelnosti.<\/p>\n\n\n\n<p>Zdroj: Autorsk\u00fd text, <a href=\"https:\/\/cs.wikipedia.org\/wiki\/And%C4%9Bl_(cena)\" target=\"_blank\" rel=\"noreferrer noopener nofollow\">Wikipedie<\/a>, <a href=\"https:\/\/cs.wikipedia.org\/wiki\/M%C3%B3da\" target=\"_blank\" rel=\"noreferrer noopener nofollow\">Wikipedie<\/a>, <a href=\"https:\/\/koktail.pravda.sk\/na-cervenom-koberci\/clanok\/798733-slovensky-modny-triumf-v-prahe-drobna-vyrazala-dych-kral-obliekol-farnu-najvacsi-sok-sposobila-dcera-lenky-filipovej-pozrite-na\/\" target=\"_blank\" rel=\"noreferrer noopener nofollow\">Pravda<\/a>, <a href=\"https:\/\/www.instagram.com\/ewa_farna93\/\" target=\"_blank\" rel=\"noreferrer noopener nofollow\">Instagram Ewy Farne<\/a><\/p>\n\n\n            <a href=\"https:\/\/www.karaoketexty.cz\/magazin\/lenny-a-marpo-oficialne-potvrdili-zasnuby-po-osmi-letech-bude-konecne-svatba\/\" class=\"related-post-link\">\n                <div class=\"post-thumbnail\">\n                    <img decoding=\"async\" width=\"250\" height=\"141\" src=\"https:\/\/www.karaoketexty.cz\/magazin\/wp-content\/uploads\/2025\/11\/marpo-lenny.jpg\" class=\"attachment-250x180 size-250x180 not-transparent\" alt=\"Marpo a Lenny\" srcset=\"https:\/\/www.karaoketexty.cz\/magazin\/wp-content\/uploads\/2025\/11\/marpo-lenny.jpg 1200w, https:\/\/www.karaoketexty.cz\/magazin\/wp-content\/uploads\/2025\/11\/marpo-lenny-300x169.jpg 300w, https:\/\/www.karaoketexty.cz\/magazin\/wp-content\/uploads\/2025\/11\/marpo-lenny-1024x576.jpg 1024w, https:\/\/www.karaoketexty.cz\/magazin\/wp-content\/uploads\/2025\/11\/marpo-lenny-768x432.jpg 768w, https:\/\/www.karaoketexty.cz\/magazin\/wp-content\/uploads\/2025\/11\/marpo-lenny-800x450.jpg 800w\" sizes=\"(max-width: 250px) 100vw, 250px\" data-has-transparency=\"false\" data-dominant-color=\"755b43\" style=\"--dominant-color: #755b43;\" \/>                <\/div>\n                <div class=\"post-details\">\n                    <span class=\"also-read\">\u010ct\u011bte tak\u00e9:<\/span>\n                    <h3 class=\"hed\">Lenny a Marpo ofici\u00e1ln\u011b potvrdili z\u00e1snuby: Po osmi letech bude kone\u010dn\u011b svatba<\/h3>\n                <\/div>\n            <\/a>\n            \n\n            <a href=\"https:\/\/www.karaoketexty.cz\/magazin\/ewa-farna-soutezila-v-show-mame-radi-cesko\/\" class=\"related-post-link\">\n                <div class=\"post-thumbnail\">\n                    <img decoding=\"async\" width=\"250\" height=\"176\" src=\"https:\/\/www.karaoketexty.cz\/magazin\/wp-content\/uploads\/2026\/02\/ewa-farna.jpg\" class=\"attachment-250x180 size-250x180 not-transparent\" alt=\"Ewa Farn\u00e1\" srcset=\"https:\/\/www.karaoketexty.cz\/magazin\/wp-content\/uploads\/2026\/02\/ewa-farna.jpg 1202w, https:\/\/www.karaoketexty.cz\/magazin\/wp-content\/uploads\/2026\/02\/ewa-farna-300x211.jpg 300w, https:\/\/www.karaoketexty.cz\/magazin\/wp-content\/uploads\/2026\/02\/ewa-farna-1024x719.jpg 1024w, https:\/\/www.karaoketexty.cz\/magazin\/wp-content\/uploads\/2026\/02\/ewa-farna-768x539.jpg 768w\" sizes=\"(max-width: 250px) 100vw, 250px\" data-has-transparency=\"false\" data-dominant-color=\"433837\" style=\"--dominant-color: #433837;\" \/>                <\/div>\n                <div class=\"post-details\">\n                    <span class=\"also-read\">\u010ct\u011bte tak\u00e9:<\/span>\n                    <h3 class=\"hed\">Ewa Farna slav\u00ed 20 let na sc\u00e9n\u011b nejen koncerty: Zah\u00e1jila novou \u0159adu po\u0159adu M\u00e1me r\u00e1di \u010cesko<\/h3>\n                <\/div>\n            <\/a>\n            ","protected":false},"excerpt":{"rendered":"<p>Slavnostn\u00ed ve\u010der cen And\u011bl v Praze se letos prom\u011bnil v p\u0159ehl\u00eddku v\u00fdrazn\u00fdch outfit\u016f, kde hudba ustoupila a hlavn\u00ed roli p\u0159evzala m\u00f3da.<\/p>\n","protected":false},"author":5,"featured_media":4286,"comment_status":"open","ping_status":"closed","sticky":false,"template":"","format":"standard","meta":{"_yoast_wpseo_title":"And\u011bl\u00e9 m\u00f3dy v Praze: slovensk\u00e1 vlna, odv\u00e1\u017en\u00e9 r\u00f3by i zm\u011bna Lenny","_yoast_wpseo_metadesc":"Slavnostn\u00ed ve\u010der cen And\u011bl v Praze se letos prom\u011bnil v p\u0159ehl\u00eddku v\u00fdrazn\u00fdch outfit\u016f, kde hudba ustoupila a hlavn\u00ed roli p\u0159evzala m\u00f3da.","footnotes":""},"categories":[7],"tags":[7167,580,7393,7390,5127,135,348,4398,7392,7395,7391,7394],"class_list":["post-10563","post","type-post","status-publish","format-standard","has-post-thumbnail","hentry","category-aktuality","tag-adonxs","tag-andel","tag-boris-kral","tag-elizabeth-kopecka","tag-emma-drobna","tag-ewa-farna","tag-hudebni-ceny","tag-lenny","tag-marcela-holubce-w","tag-modni-ikony","tag-sharlota","tag-slovenska-moda"],"yoast_head":"<!-- This site is optimized with the Yoast SEO plugin v27.5 - https:\/\/yoast.com\/product\/yoast-seo-wordpress\/ -->\n<title>And\u011bl\u00e9 m\u00f3dy v Praze: slovensk\u00e1 vlna, odv\u00e1\u017en\u00e9 r\u00f3by i zm\u011bna Lenny<\/title>\n<meta name=\"description\" content=\"Slavnostn\u00ed ve\u010der cen And\u011bl v Praze se letos prom\u011bnil v p\u0159ehl\u00eddku v\u00fdrazn\u00fdch outfit\u016f, kde hudba ustoupila a hlavn\u00ed roli p\u0159evzala m\u00f3da.\" \/>\n<meta name=\"robots\" content=\"index, follow, max-snippet:-1, max-image-preview:large, max-video-preview:-1\" \/>\n<link rel=\"canonical\" href=\"https:\/\/www.karaoketexty.cz\/magazin\/nejvetsi-modni-momenty-vecera-ceny-andel-kdo-byl-kralem-cerveneho-koberce\/\" \/>\n<meta property=\"og:locale\" content=\"cs_CZ\" \/>\n<meta property=\"og:type\" content=\"article\" \/>\n<meta property=\"og:title\" content=\"And\u011bl\u00e9 m\u00f3dy v Praze: slovensk\u00e1 vlna, odv\u00e1\u017en\u00e9 r\u00f3by i zm\u011bna Lenny\" \/>\n<meta property=\"og:description\" content=\"Slavnostn\u00ed ve\u010der cen And\u011bl v Praze se letos prom\u011bnil v p\u0159ehl\u00eddku v\u00fdrazn\u00fdch outfit\u016f, kde hudba ustoupila a hlavn\u00ed roli p\u0159evzala m\u00f3da.\" \/>\n<meta property=\"og:url\" content=\"https:\/\/www.karaoketexty.cz\/magazin\/nejvetsi-modni-momenty-vecera-ceny-andel-kdo-byl-kralem-cerveneho-koberce\/\" \/>\n<meta property=\"og:site_name\" content=\"Stars Magaz\u00edn Karaoketexty.cz\" \/>\n<meta property=\"article:published_time\" content=\"2026-04-30T08:18:00+00:00\" \/>\n<meta property=\"og:image\" content=\"https:\/\/www.karaoketexty.cz\/magazin\/wp-content\/uploads\/2025\/11\/lenny.jpg\" \/>\n\t<meta property=\"og:image:width\" content=\"1200\" \/>\n\t<meta property=\"og:image:height\" content=\"675\" \/>\n\t<meta property=\"og:image:type\" content=\"image\/jpeg\" \/>\n<meta name=\"author\" content=\"Veronika \u0160imkov\u00e1\" \/>\n<meta name=\"twitter:card\" content=\"summary_large_image\" \/>\n<meta name=\"twitter:label1\" content=\"Napsal(a)\" \/>\n\t<meta name=\"twitter:data1\" content=\"Veronika \u0160imkov\u00e1\" \/>\n\t<meta name=\"twitter:label2\" content=\"Odhadovan\u00e1 doba \u010dten\u00ed\" \/>\n\t<meta name=\"twitter:data2\" content=\"4 minuty\" \/>\n<script type=\"application\/ld+json\" class=\"yoast-schema-graph\">{\"@context\":\"https:\\\/\\\/schema.org\",\"@graph\":[{\"@type\":\"Article\",\"@id\":\"https:\\\/\\\/www.karaoketexty.cz\\\/magazin\\\/nejvetsi-modni-momenty-vecera-ceny-andel-kdo-byl-kralem-cerveneho-koberce\\\/#article\",\"isPartOf\":{\"@id\":\"https:\\\/\\\/www.karaoketexty.cz\\\/magazin\\\/nejvetsi-modni-momenty-vecera-ceny-andel-kdo-byl-kralem-cerveneho-koberce\\\/\"},\"author\":{\"name\":\"Veronika \u0160imkov\u00e1\",\"@id\":\"https:\\\/\\\/www.karaoketexty.cz\\\/magazin\\\/#\\\/schema\\\/person\\\/03220d610ed4cba378a72bac3443f821\"},\"headline\":\"Nejv\u011bt\u0161\u00ed m\u00f3dn\u00ed momenty ve\u010dera Ceny And\u011bl: Kdo byl kr\u00e1lem \u010derven\u00e9ho koberce\",\"datePublished\":\"2026-04-30T08:18:00+00:00\",\"mainEntityOfPage\":{\"@id\":\"https:\\\/\\\/www.karaoketexty.cz\\\/magazin\\\/nejvetsi-modni-momenty-vecera-ceny-andel-kdo-byl-kralem-cerveneho-koberce\\\/\"},\"wordCount\":830,\"commentCount\":0,\"image\":{\"@id\":\"https:\\\/\\\/www.karaoketexty.cz\\\/magazin\\\/nejvetsi-modni-momenty-vecera-ceny-andel-kdo-byl-kralem-cerveneho-koberce\\\/#primaryimage\"},\"thumbnailUrl\":\"https:\\\/\\\/www.karaoketexty.cz\\\/magazin\\\/wp-content\\\/uploads\\\/2025\\\/11\\\/lenny.jpg\",\"keywords\":[\"ADONXS\",\"And\u011bl\",\"Boris Kr\u00e1\u013e\",\"Elizabeth Kopeck\u00e1\",\"Emma Drobn\u00e1\",\"Ewa Farna\",\"Hudebn\u00ed ceny\",\"Lenny\",\"Marcela Holubce W.\",\"m\u00f3dn\u00ed ikony\",\"Sharlota\",\"slovensk\u00e1 m\u00f3da\"],\"articleSection\":[\"Aktuality\"],\"inLanguage\":\"cs\",\"potentialAction\":[{\"@type\":\"CommentAction\",\"name\":\"Comment\",\"target\":[\"https:\\\/\\\/www.karaoketexty.cz\\\/magazin\\\/nejvetsi-modni-momenty-vecera-ceny-andel-kdo-byl-kralem-cerveneho-koberce\\\/#respond\"]}]},{\"@type\":\"WebPage\",\"@id\":\"https:\\\/\\\/www.karaoketexty.cz\\\/magazin\\\/nejvetsi-modni-momenty-vecera-ceny-andel-kdo-byl-kralem-cerveneho-koberce\\\/\",\"url\":\"https:\\\/\\\/www.karaoketexty.cz\\\/magazin\\\/nejvetsi-modni-momenty-vecera-ceny-andel-kdo-byl-kralem-cerveneho-koberce\\\/\",\"name\":\"And\u011bl\u00e9 m\u00f3dy v Praze: slovensk\u00e1 vlna, odv\u00e1\u017en\u00e9 r\u00f3by i zm\u011bna Lenny\",\"isPartOf\":{\"@id\":\"https:\\\/\\\/www.karaoketexty.cz\\\/magazin\\\/#website\"},\"primaryImageOfPage\":{\"@id\":\"https:\\\/\\\/www.karaoketexty.cz\\\/magazin\\\/nejvetsi-modni-momenty-vecera-ceny-andel-kdo-byl-kralem-cerveneho-koberce\\\/#primaryimage\"},\"image\":{\"@id\":\"https:\\\/\\\/www.karaoketexty.cz\\\/magazin\\\/nejvetsi-modni-momenty-vecera-ceny-andel-kdo-byl-kralem-cerveneho-koberce\\\/#primaryimage\"},\"thumbnailUrl\":\"https:\\\/\\\/www.karaoketexty.cz\\\/magazin\\\/wp-content\\\/uploads\\\/2025\\\/11\\\/lenny.jpg\",\"datePublished\":\"2026-04-30T08:18:00+00:00\",\"author\":{\"@id\":\"https:\\\/\\\/www.karaoketexty.cz\\\/magazin\\\/#\\\/schema\\\/person\\\/03220d610ed4cba378a72bac3443f821\"},\"description\":\"Slavnostn\u00ed ve\u010der cen And\u011bl v Praze se letos prom\u011bnil v p\u0159ehl\u00eddku v\u00fdrazn\u00fdch outfit\u016f, kde hudba ustoupila a hlavn\u00ed roli p\u0159evzala m\u00f3da.\",\"breadcrumb\":{\"@id\":\"https:\\\/\\\/www.karaoketexty.cz\\\/magazin\\\/nejvetsi-modni-momenty-vecera-ceny-andel-kdo-byl-kralem-cerveneho-koberce\\\/#breadcrumb\"},\"inLanguage\":\"cs\",\"potentialAction\":[{\"@type\":\"ReadAction\",\"target\":[\"https:\\\/\\\/www.karaoketexty.cz\\\/magazin\\\/nejvetsi-modni-momenty-vecera-ceny-andel-kdo-byl-kralem-cerveneho-koberce\\\/\"]}]},{\"@type\":\"ImageObject\",\"inLanguage\":\"cs\",\"@id\":\"https:\\\/\\\/www.karaoketexty.cz\\\/magazin\\\/nejvetsi-modni-momenty-vecera-ceny-andel-kdo-byl-kralem-cerveneho-koberce\\\/#primaryimage\",\"url\":\"https:\\\/\\\/www.karaoketexty.cz\\\/magazin\\\/wp-content\\\/uploads\\\/2025\\\/11\\\/lenny.jpg\",\"contentUrl\":\"https:\\\/\\\/www.karaoketexty.cz\\\/magazin\\\/wp-content\\\/uploads\\\/2025\\\/11\\\/lenny.jpg\",\"width\":1200,\"height\":675,\"caption\":\"Fotografie: Nextfoto, Lenny na oslav\u011b 30 let Nada\u010dn\u00edho fondu Janele\"},{\"@type\":\"BreadcrumbList\",\"@id\":\"https:\\\/\\\/www.karaoketexty.cz\\\/magazin\\\/nejvetsi-modni-momenty-vecera-ceny-andel-kdo-byl-kralem-cerveneho-koberce\\\/#breadcrumb\",\"itemListElement\":[{\"@type\":\"ListItem\",\"position\":1,\"name\":\"Dom\u016f\",\"item\":\"https:\\\/\\\/www.karaoketexty.cz\\\/magazin\\\/\"},{\"@type\":\"ListItem\",\"position\":2,\"name\":\"Nejv\u011bt\u0161\u00ed m\u00f3dn\u00ed momenty ve\u010dera Ceny And\u011bl: Kdo byl kr\u00e1lem \u010derven\u00e9ho koberce\"}]},{\"@type\":\"WebSite\",\"@id\":\"https:\\\/\\\/www.karaoketexty.cz\\\/magazin\\\/#website\",\"url\":\"https:\\\/\\\/www.karaoketexty.cz\\\/magazin\\\/\",\"name\":\"Stars Magaz\u00edn Karaoketexty.cz\",\"description\":\"Stars Magaz\u00edn na Karaoketexty.cz je zam\u011b\u0159en\u00fd na novinky ze sv\u011bta hudby a celebrit. Obsahuje \u010dl\u00e1nky o zp\u011bv\u00e1c\u00edch, kapel\u00e1ch, nov\u00fdch albech, hudebn\u00edch trendech a dal\u0161\u00edch zaj\u00edmavostech z hudebn\u00edho pr\u016fmyslu.\",\"potentialAction\":[{\"@type\":\"SearchAction\",\"target\":{\"@type\":\"EntryPoint\",\"urlTemplate\":\"https:\\\/\\\/www.karaoketexty.cz\\\/magazin\\\/?s={search_term_string}\"},\"query-input\":{\"@type\":\"PropertyValueSpecification\",\"valueRequired\":true,\"valueName\":\"search_term_string\"}}],\"inLanguage\":\"cs\"},{\"@type\":\"Person\",\"@id\":\"https:\\\/\\\/www.karaoketexty.cz\\\/magazin\\\/#\\\/schema\\\/person\\\/03220d610ed4cba378a72bac3443f821\",\"name\":\"Veronika \u0160imkov\u00e1\",\"image\":{\"@type\":\"ImageObject\",\"inLanguage\":\"cs\",\"@id\":\"https:\\\/\\\/secure.gravatar.com\\\/avatar\\\/62af9cda83322200aaf20e60d0442fbca254ce18c0ffdcaaf83de31493c941a5?s=96&d=mm&r=g\",\"url\":\"https:\\\/\\\/secure.gravatar.com\\\/avatar\\\/62af9cda83322200aaf20e60d0442fbca254ce18c0ffdcaaf83de31493c941a5?s=96&d=mm&r=g\",\"contentUrl\":\"https:\\\/\\\/secure.gravatar.com\\\/avatar\\\/62af9cda83322200aaf20e60d0442fbca254ce18c0ffdcaaf83de31493c941a5?s=96&d=mm&r=g\",\"caption\":\"Veronika \u0160imkov\u00e1\"},\"url\":\"https:\\\/\\\/www.karaoketexty.cz\\\/magazin\\\/author\\\/veronikasimkova\\\/\"}]}<\/script>\n<!-- \/ Yoast SEO plugin. -->","yoast_head_json":{"title":"And\u011bl\u00e9 m\u00f3dy v Praze: slovensk\u00e1 vlna, odv\u00e1\u017en\u00e9 r\u00f3by i zm\u011bna Lenny","description":"Slavnostn\u00ed ve\u010der cen And\u011bl v Praze se letos prom\u011bnil v p\u0159ehl\u00eddku v\u00fdrazn\u00fdch outfit\u016f, kde hudba ustoupila a hlavn\u00ed roli p\u0159evzala m\u00f3da.","robots":{"index":"index","follow":"follow","max-snippet":"max-snippet:-1","max-image-preview":"max-image-preview:large","max-video-preview":"max-video-preview:-1"},"canonical":"https:\/\/www.karaoketexty.cz\/magazin\/nejvetsi-modni-momenty-vecera-ceny-andel-kdo-byl-kralem-cerveneho-koberce\/","og_locale":"cs_CZ","og_type":"article","og_title":"And\u011bl\u00e9 m\u00f3dy v Praze: slovensk\u00e1 vlna, odv\u00e1\u017en\u00e9 r\u00f3by i zm\u011bna Lenny","og_description":"Slavnostn\u00ed ve\u010der cen And\u011bl v Praze se letos prom\u011bnil v p\u0159ehl\u00eddku v\u00fdrazn\u00fdch outfit\u016f, kde hudba ustoupila a hlavn\u00ed roli p\u0159evzala m\u00f3da.","og_url":"https:\/\/www.karaoketexty.cz\/magazin\/nejvetsi-modni-momenty-vecera-ceny-andel-kdo-byl-kralem-cerveneho-koberce\/","og_site_name":"Stars Magaz\u00edn Karaoketexty.cz","article_published_time":"2026-04-30T08:18:00+00:00","og_image":[{"width":1200,"height":675,"url":"https:\/\/www.karaoketexty.cz\/magazin\/wp-content\/uploads\/2025\/11\/lenny.jpg","type":"image\/jpeg"}],"author":"Veronika \u0160imkov\u00e1","twitter_card":"summary_large_image","twitter_misc":{"Napsal(a)":"Veronika \u0160imkov\u00e1","Odhadovan\u00e1 doba \u010dten\u00ed":"4 minuty"},"schema":{"@context":"https:\/\/schema.org","@graph":[{"@type":"Article","@id":"https:\/\/www.karaoketexty.cz\/magazin\/nejvetsi-modni-momenty-vecera-ceny-andel-kdo-byl-kralem-cerveneho-koberce\/#article","isPartOf":{"@id":"https:\/\/www.karaoketexty.cz\/magazin\/nejvetsi-modni-momenty-vecera-ceny-andel-kdo-byl-kralem-cerveneho-koberce\/"},"author":{"name":"Veronika \u0160imkov\u00e1","@id":"https:\/\/www.karaoketexty.cz\/magazin\/#\/schema\/person\/03220d610ed4cba378a72bac3443f821"},"headline":"Nejv\u011bt\u0161\u00ed m\u00f3dn\u00ed momenty ve\u010dera Ceny And\u011bl: Kdo byl kr\u00e1lem \u010derven\u00e9ho koberce","datePublished":"2026-04-30T08:18:00+00:00","mainEntityOfPage":{"@id":"https:\/\/www.karaoketexty.cz\/magazin\/nejvetsi-modni-momenty-vecera-ceny-andel-kdo-byl-kralem-cerveneho-koberce\/"},"wordCount":830,"commentCount":0,"image":{"@id":"https:\/\/www.karaoketexty.cz\/magazin\/nejvetsi-modni-momenty-vecera-ceny-andel-kdo-byl-kralem-cerveneho-koberce\/#primaryimage"},"thumbnailUrl":"https:\/\/www.karaoketexty.cz\/magazin\/wp-content\/uploads\/2025\/11\/lenny.jpg","keywords":["ADONXS","And\u011bl","Boris Kr\u00e1\u013e","Elizabeth Kopeck\u00e1","Emma Drobn\u00e1","Ewa Farna","Hudebn\u00ed ceny","Lenny","Marcela Holubce W.","m\u00f3dn\u00ed ikony","Sharlota","slovensk\u00e1 m\u00f3da"],"articleSection":["Aktuality"],"inLanguage":"cs","potentialAction":[{"@type":"CommentAction","name":"Comment","target":["https:\/\/www.karaoketexty.cz\/magazin\/nejvetsi-modni-momenty-vecera-ceny-andel-kdo-byl-kralem-cerveneho-koberce\/#respond"]}]},{"@type":"WebPage","@id":"https:\/\/www.karaoketexty.cz\/magazin\/nejvetsi-modni-momenty-vecera-ceny-andel-kdo-byl-kralem-cerveneho-koberce\/","url":"https:\/\/www.karaoketexty.cz\/magazin\/nejvetsi-modni-momenty-vecera-ceny-andel-kdo-byl-kralem-cerveneho-koberce\/","name":"And\u011bl\u00e9 m\u00f3dy v Praze: slovensk\u00e1 vlna, odv\u00e1\u017en\u00e9 r\u00f3by i zm\u011bna Lenny","isPartOf":{"@id":"https:\/\/www.karaoketexty.cz\/magazin\/#website"},"primaryImageOfPage":{"@id":"https:\/\/www.karaoketexty.cz\/magazin\/nejvetsi-modni-momenty-vecera-ceny-andel-kdo-byl-kralem-cerveneho-koberce\/#primaryimage"},"image":{"@id":"https:\/\/www.karaoketexty.cz\/magazin\/nejvetsi-modni-momenty-vecera-ceny-andel-kdo-byl-kralem-cerveneho-koberce\/#primaryimage"},"thumbnailUrl":"https:\/\/www.karaoketexty.cz\/magazin\/wp-content\/uploads\/2025\/11\/lenny.jpg","datePublished":"2026-04-30T08:18:00+00:00","author":{"@id":"https:\/\/www.karaoketexty.cz\/magazin\/#\/schema\/person\/03220d610ed4cba378a72bac3443f821"},"description":"Slavnostn\u00ed ve\u010der cen And\u011bl v Praze se letos prom\u011bnil v p\u0159ehl\u00eddku v\u00fdrazn\u00fdch outfit\u016f, kde hudba ustoupila a hlavn\u00ed roli p\u0159evzala m\u00f3da.","breadcrumb":{"@id":"https:\/\/www.karaoketexty.cz\/magazin\/nejvetsi-modni-momenty-vecera-ceny-andel-kdo-byl-kralem-cerveneho-koberce\/#breadcrumb"},"inLanguage":"cs","potentialAction":[{"@type":"ReadAction","target":["https:\/\/www.karaoketexty.cz\/magazin\/nejvetsi-modni-momenty-vecera-ceny-andel-kdo-byl-kralem-cerveneho-koberce\/"]}]},{"@type":"ImageObject","inLanguage":"cs","@id":"https:\/\/www.karaoketexty.cz\/magazin\/nejvetsi-modni-momenty-vecera-ceny-andel-kdo-byl-kralem-cerveneho-koberce\/#primaryimage","url":"https:\/\/www.karaoketexty.cz\/magazin\/wp-content\/uploads\/2025\/11\/lenny.jpg","contentUrl":"https:\/\/www.karaoketexty.cz\/magazin\/wp-content\/uploads\/2025\/11\/lenny.jpg","width":1200,"height":675,"caption":"Fotografie: Nextfoto, Lenny na oslav\u011b 30 let Nada\u010dn\u00edho fondu Janele"},{"@type":"BreadcrumbList","@id":"https:\/\/www.karaoketexty.cz\/magazin\/nejvetsi-modni-momenty-vecera-ceny-andel-kdo-byl-kralem-cerveneho-koberce\/#breadcrumb","itemListElement":[{"@type":"ListItem","position":1,"name":"Dom\u016f","item":"https:\/\/www.karaoketexty.cz\/magazin\/"},{"@type":"ListItem","position":2,"name":"Nejv\u011bt\u0161\u00ed m\u00f3dn\u00ed momenty ve\u010dera Ceny And\u011bl: Kdo byl kr\u00e1lem \u010derven\u00e9ho koberce"}]},{"@type":"WebSite","@id":"https:\/\/www.karaoketexty.cz\/magazin\/#website","url":"https:\/\/www.karaoketexty.cz\/magazin\/","name":"Stars Magaz\u00edn Karaoketexty.cz","description":"Stars Magaz\u00edn na Karaoketexty.cz je zam\u011b\u0159en\u00fd na novinky ze sv\u011bta hudby a celebrit. Obsahuje \u010dl\u00e1nky o zp\u011bv\u00e1c\u00edch, kapel\u00e1ch, nov\u00fdch albech, hudebn\u00edch trendech a dal\u0161\u00edch zaj\u00edmavostech z hudebn\u00edho pr\u016fmyslu.","potentialAction":[{"@type":"SearchAction","target":{"@type":"EntryPoint","urlTemplate":"https:\/\/www.karaoketexty.cz\/magazin\/?s={search_term_string}"},"query-input":{"@type":"PropertyValueSpecification","valueRequired":true,"valueName":"search_term_string"}}],"inLanguage":"cs"},{"@type":"Person","@id":"https:\/\/www.karaoketexty.cz\/magazin\/#\/schema\/person\/03220d610ed4cba378a72bac3443f821","name":"Veronika \u0160imkov\u00e1","image":{"@type":"ImageObject","inLanguage":"cs","@id":"https:\/\/secure.gravatar.com\/avatar\/62af9cda83322200aaf20e60d0442fbca254ce18c0ffdcaaf83de31493c941a5?s=96&d=mm&r=g","url":"https:\/\/secure.gravatar.com\/avatar\/62af9cda83322200aaf20e60d0442fbca254ce18c0ffdcaaf83de31493c941a5?s=96&d=mm&r=g","contentUrl":"https:\/\/secure.gravatar.com\/avatar\/62af9cda83322200aaf20e60d0442fbca254ce18c0ffdcaaf83de31493c941a5?s=96&d=mm&r=g","caption":"Veronika \u0160imkov\u00e1"},"url":"https:\/\/www.karaoketexty.cz\/magazin\/author\/veronikasimkova\/"}]}},"_links":{"self":[{"href":"https:\/\/www.karaoketexty.cz\/magazin\/wp-json\/wp\/v2\/posts\/10563","targetHints":{"allow":["GET"]}}],"collection":[{"href":"https:\/\/www.karaoketexty.cz\/magazin\/wp-json\/wp\/v2\/posts"}],"about":[{"href":"https:\/\/www.karaoketexty.cz\/magazin\/wp-json\/wp\/v2\/types\/post"}],"author":[{"embeddable":true,"href":"https:\/\/www.karaoketexty.cz\/magazin\/wp-json\/wp\/v2\/users\/5"}],"replies":[{"embeddable":true,"href":"https:\/\/www.karaoketexty.cz\/magazin\/wp-json\/wp\/v2\/comments?post=10563"}],"version-history":[{"count":3,"href":"https:\/\/www.karaoketexty.cz\/magazin\/wp-json\/wp\/v2\/posts\/10563\/revisions"}],"predecessor-version":[{"id":10797,"href":"https:\/\/www.karaoketexty.cz\/magazin\/wp-json\/wp\/v2\/posts\/10563\/revisions\/10797"}],"wp:featuredmedia":[{"embeddable":true,"href":"https:\/\/www.karaoketexty.cz\/magazin\/wp-json\/wp\/v2\/media\/4286"}],"wp:attachment":[{"href":"https:\/\/www.karaoketexty.cz\/magazin\/wp-json\/wp\/v2\/media?parent=10563"}],"wp:term":[{"taxonomy":"category","embeddable":true,"href":"https:\/\/www.karaoketexty.cz\/magazin\/wp-json\/wp\/v2\/categories?post=10563"},{"taxonomy":"post_tag","embeddable":true,"href":"https:\/\/www.karaoketexty.cz\/magazin\/wp-json\/wp\/v2\/tags?post=10563"}],"curies":[{"name":"wp","href":"https:\/\/api.w.org\/{rel}","templated":true}]}}