{"id":10454,"date":"2026-04-29T10:02:00","date_gmt":"2026-04-29T08:02:00","guid":{"rendered":"https:\/\/www.karaoketexty.cz\/magazin\/?p=10454"},"modified":"2026-04-28T10:23:15","modified_gmt":"2026-04-28T08:23:15","slug":"jak-si-karel-gott-udrzel-vyjimecne-misto-v-ceske-hudbe-po-desitky-let","status":"publish","type":"post","link":"https:\/\/www.karaoketexty.cz\/magazin\/jak-si-karel-gott-udrzel-vyjimecne-misto-v-ceske-hudbe-po-desitky-let\/","title":{"rendered":"Jak si Karel Gott udr\u017eel v\u00fdjime\u010dn\u00e9 m\u00edsto v \u010desk\u00e9 hudb\u011b po des\u00edtky let"},"content":{"rendered":"\n<p><strong>Karel Gott pat\u0159\u00ed k t\u011bm jm\u00e9n\u016fm, kter\u00e1 v \u010desk\u00e9 kultu\u0159e z\u016fst\u00e1vaj\u00ed i po letech mimo\u0159\u00e1dn\u011b siln\u00e1. Jeho p\u0159\u00edb\u011bh nen\u00ed jen o slavn\u00fdch p\u00edsn\u00edch, ale i o tom, jak p\u0159esn\u011b dok\u00e1zal pracovat se sv\u00fdm hlasem, obrazem a vztahem k publiku.<\/strong><\/p>\n\n\n\n<p>Z Karla Gotta se nestala legenda jedn\u00edm velk\u00fdm hitem ani jednou \u0161\u0165astnou n\u00e1hodou. Jeho v\u00fdjime\u010dn\u00e9 postaven\u00ed vznikalo dlouho a velmi systematicky, co\u017e bychom cht\u011bli na Karaoketexty zd\u016fraznit. M\u011bl talent, kter\u00fd byl sly\u0161et hned, ale s\u00e1m v\u011bd\u011bl, \u017ee to nesta\u010d\u00ed. Pracoval s hlasem, pe\u010dliv\u011b volil reperto\u00e1r a dob\u0159e vn\u00edmal, co od n\u011bj lid\u00e9 \u010dekaj\u00ed. V tom se li\u0161il od mnoha jin\u00fdch zp\u011bv\u00e1k\u016f sv\u00e9 doby.<\/p>\n\n\n<!-- karaoketexty.cz \/ rectangle2 -->\n<div id=\"PX_37086_709110796310826\"><\/div>\n<script>\n   if(!useMobileAds && !boolUseSeznamAds && !hideAllAds){\n     window.px2 = window.px2 || { conf: {},queue: [] };\n     px2.queue.push(function () {\n        px2.render({\n           slot: {\n              id: 37086\n           },\n            elem: \"PX_37086_709110796310826\"\n        })\n     });\n  }\n<\/script>\n\n<!-- karaoketexty.cz \/ mobile-rectangle3 -->\n<div id=\"PX_37044_714599773297004\"><\/div>\n<script>\n   if(useMobileAds && !boolUseSeznamAds && !hideAllAds){\nwindow.px2 = window.px2 || { conf: {},queue: [] };\npx2.queue.push(function () {\n\tpx2.render({\n\t\tslot: {\n\t\t\tid: 37044\n\t\t},\n\t\telem: \"PX_37044_714599773297004\"\n\t})\n});\n}\n<\/script>\n\n\n<h2 class=\"wp-block-heading\">Hlas m\u011bl jako dar, ale spol\u00e9hal hlavn\u011b na pr\u00e1ci<\/h2>\n\n\n\n<p>Karel Gott neza\u010d\u00ednal jako \u010dlov\u011bk, kter\u00fd m\u011bl v\u0161echno p\u0159ipraven\u00e9. Vyu\u010dil se elektromont\u00e9rem a k hudb\u011b se dost\u00e1val postupn\u011b. Kdy\u017e za\u010dal studovat zp\u011bv, rychle se uk\u00e1zalo, \u017ee m\u00e1 mimo\u0159\u00e1dn\u00fd hlasov\u00fd rozsah i barvu, kter\u00e1 se nedala p\u0159eslechnout. D\u016fle\u017eit\u00e9 ale je, \u017ee se na sv\u016fj talent nespol\u00e9hal jen pocitov\u011b. Hlas si hl\u00eddal, tr\u00e9noval a zach\u00e1zel s n\u00edm s velkou discipl\u00ednou.<\/p>\n\n\n\n<p>Velkou roli v jeho p\u0159\u00edb\u011bhu hr\u00e1lo i to, \u017ee velmi dob\u0159e rozum\u011bl publiku. Nepot\u0159eboval se stav\u011bt do role rebela ani \u010dlov\u011bka, kter\u00fd mus\u00ed za ka\u017edou cenu provokovat. M\u00edsto toho si budoval obraz spolehliv\u00e9ho profesion\u00e1la, kter\u00fd v\u00ed, co d\u011bl\u00e1.<strong> <\/strong>Pro \u010d\u00e1st lid\u00ed to mohlo zn\u00edt a\u017e p\u0159\u00edli\u0161 opatrn\u011b, ale pr\u00e1v\u011b tahle stabilita mu pomohla p\u0159e\u017e\u00edt r\u016fzn\u00e9 spole\u010densk\u00e9 i hudebn\u00ed prom\u011bny. Dok\u00e1zal z\u016fstat \u010diteln\u00fd pro star\u0161\u00ed publikum a z\u00e1rove\u0148 neztratit kontakt s nov\u00fdmi poslucha\u010di.<\/p>\n\n\n<!-- karaoketexty.cz \/ interscroller1 -->\n\n<div id=\"PX_37041_825057871452834\"><\/div>\n<script>\nif(useMobileAds && !boolUseSeznamAds && !hideAllAds){\n\twindow.px2 = window.px2 || { conf: {},queue: [] };\n\tpx2.queue.push(function () {\n\t\tpx2.render({\n\t\t\tslot: {\n\t\t\t\tid: 37041\n\t\t\t},\n\t\t\telem: \"PX_37041_825057871452834\"\n\t\t})\n\t});\n}\n<\/script>\n\n\n<h2 class=\"wp-block-heading\">Pomohl mu i velk\u00fd p\u0159esah do zahrani\u010d\u00ed<\/h2>\n\n\n\n<p>V\u00fdjime\u010dn\u00e9 bylo i jeho postaven\u00ed v n\u011bmecky mluv\u00edc\u00edch zem\u00edch. Zat\u00edmco \u0159ada \u010desk\u00fdch zp\u011bv\u00e1k\u016f z\u016fstala zav\u0159en\u00e1 doma, Gott si v N\u011bmecku vybudoval skute\u010dn\u011b siln\u00e9 jm\u00e9no. Nevystupoval tam jen jako zaj\u00edmavost z v\u00fdchodu, ale jako plnohodnotn\u00fd interpret. Pravda ale je, \u017ee tamn\u00ed publikum tou\u017eilo po jin\u00e9m reperto\u00e1ru, ne\u017e m\u011bl pro \u010deskoslovensk\u00e9 p\u0159\u00edznivce. Nicm\u00e9n\u011b jeho \u00fasp\u011bch za hranicemi posiloval i jeho dom\u00e1c\u00ed obraz. Lid\u00e9 v n\u011bm vid\u011bli n\u011bkoho, kdo usp\u011bl venku, a p\u0159itom z\u016fstal srozumiteln\u00fd doma.<\/p>\n\n\n\n<iframe title=\"Karel Gott - Stokr\u00e1t chv\u00e1l\u00edm \u010das (ofici\u00e1ln\u00ed video)\" width=\"500\" height=\"375\" src=\"https:\/\/www.youtube.com\/embed\/ePRGijLxEH8?feature=oembed\" frameborder=\"0\" allow=\"accelerometer; autoplay; clipboard-write; encrypted-media; gyroscope; picture-in-picture; web-share\" referrerpolicy=\"strict-origin-when-cross-origin\" allowfullscreen><\/iframe>\n\n\n\n<p>Kdy\u017e se dnes mluv\u00ed o Karlu Gottovi jako o fenom\u00e9nu, nejde jen o po\u010dty hit\u016f nebo vyhran\u00e9 ankety. D\u016fle\u017eit\u011bj\u0161\u00ed je to, jak dlouho dok\u00e1zal udr\u017eet vztah s publikem. Jeho p\u00edsn\u011b zn\u011bly u rodinn\u00fdch oslav, v r\u00e1diu, na koncertech i v soukrom\u00fdch chv\u00edl\u00edch lid\u00ed. T\u00edm se stal sou\u010d\u00e1st\u00ed ka\u017edodennosti.<\/p>\n\n\n\n<p>Zdroj: Autorsk\u00fd text, <a href=\"https:\/\/www.youtube.com\/watch?v=ePRGijLxEH8\" target=\"_blank\" rel=\"noreferrer noopener nofollow\">YouTube Supraphon<\/a>, <a href=\"https:\/\/cs.wikipedia.org\/wiki\/Karel_Gott\" target=\"_blank\" rel=\"noreferrer noopener nofollow\">Wikipedie<\/a>, <a href=\"https:\/\/ct24.ceskatelevize.cz\/clanek\/kultura\/cechum-kaju-nemcum-gotta-zpevakuv-uspech-pod-alpami-domaci-drahu-temer-nekopiruje-69209\" target=\"_blank\" rel=\"noreferrer noopener nofollow\">\u010cT24<\/a>, <a href=\"https:\/\/archiv.hn.cz\/c1-66218930-dve-kariery-karla-gotta-v-ceskoslovensku-razil-moderni-cestu-a-kopiroval-zapadni-hvezdy-v-nemecku-musel-byt-nekym-jinym\" target=\"_blank\" rel=\"noreferrer noopener nofollow\">Hospod\u00e1\u0159sk\u00e9Noviny<\/a><\/p>\n\n\n            <a href=\"https:\/\/www.karaoketexty.cz\/magazin\/ivana-gottova-zmena-spolecnost-firma-vymaz\/\" class=\"related-post-link\">\n                <div class=\"post-thumbnail\">\n                    <img decoding=\"async\" width=\"250\" height=\"141\" src=\"https:\/\/www.karaoketexty.cz\/magazin\/wp-content\/uploads\/2026\/03\/ivana-gottova-karel-gott-charlotte-ella-gottova.jpg\" class=\"attachment-250x180 size-250x180 not-transparent\" alt=\"Ivana Gottov\u00e1, Karel Gott a Charlotte Ella Gottov\u00e1\" srcset=\"https:\/\/www.karaoketexty.cz\/magazin\/wp-content\/uploads\/2026\/03\/ivana-gottova-karel-gott-charlotte-ella-gottova.jpg 1200w, https:\/\/www.karaoketexty.cz\/magazin\/wp-content\/uploads\/2026\/03\/ivana-gottova-karel-gott-charlotte-ella-gottova-300x169.jpg 300w, https:\/\/www.karaoketexty.cz\/magazin\/wp-content\/uploads\/2026\/03\/ivana-gottova-karel-gott-charlotte-ella-gottova-1024x576.jpg 1024w, https:\/\/www.karaoketexty.cz\/magazin\/wp-content\/uploads\/2026\/03\/ivana-gottova-karel-gott-charlotte-ella-gottova-768x432.jpg 768w, https:\/\/www.karaoketexty.cz\/magazin\/wp-content\/uploads\/2026\/03\/ivana-gottova-karel-gott-charlotte-ella-gottova-800x450.jpg 800w\" sizes=\"(max-width: 250px) 100vw, 250px\" data-has-transparency=\"false\" data-dominant-color=\"443831\" style=\"--dominant-color: #443831;\" \/>                <\/div>\n                <div class=\"post-details\">\n                    <span class=\"also-read\">\u010ct\u011bte tak\u00e9:<\/span>\n                    <h3 class=\"hed\">Ivana Gottov\u00e1 u\u010dinila z\u00e1sadn\u00ed krok: Jm\u00e9no Karel Gott zmizelo z firmy, kterou zalo\u017eil<\/h3>\n                <\/div>\n            <\/a>\n            \n\n            <a href=\"https:\/\/www.karaoketexty.cz\/magazin\/karel-gott-duchod-charita\/\" class=\"related-post-link\">\n                <div class=\"post-thumbnail\">\n                    <img decoding=\"async\" width=\"250\" height=\"141\" src=\"https:\/\/www.karaoketexty.cz\/magazin\/wp-content\/uploads\/2025\/04\/Karel-Gott-syn.avif\" class=\"attachment-250x180 size-250x180 not-transparent\" alt=\"Fotografie Karla Gotta\" data-has-transparency=\"false\" data-dominant-color=\"4c4138\" style=\"--dominant-color: #4c4138;\" \/>                <\/div>\n                <div class=\"post-details\">\n                    <span class=\"also-read\">\u010ct\u011bte tak\u00e9:<\/span>\n                    <h3 class=\"hed\">Karel Gott uk\u00e1zal, co znamen\u00e1 \u0161t\u011bdrost: 15 let pob\u00edral d\u016fchod a nenechal si ani korunu<\/h3>\n                <\/div>\n            <\/a>\n            ","protected":false},"excerpt":{"rendered":"<p>Karel Gott pat\u0159\u00ed k t\u011bm jm\u00e9n\u016fm, kter\u00e1 v \u010desk\u00e9 kultu\u0159e z\u016fst\u00e1vaj\u00ed i po letech mimo\u0159\u00e1dn\u011b siln\u00e1. Jeho p\u0159\u00edb\u011bh nen\u00ed jen o slavn\u00fdch p\u00edsn\u00edch, ale i o tom, jak p\u0159esn\u011b dok\u00e1zal pracovat se sv\u00fdm hlasem, obrazem a vztahem k publiku.<\/p>\n","protected":false},"author":5,"featured_media":10428,"comment_status":"open","ping_status":"closed","sticky":false,"template":"","format":"standard","meta":{"_yoast_wpseo_title":"Karel Gott si udr\u017eel v\u00fdjime\u010dn\u00e9 m\u00edsto v \u010desk\u00e9 hudb\u011b po des\u00edtky let","_yoast_wpseo_metadesc":"Karel Gott se nestal symbolem \u010desk\u00e9 popov\u00e9 hudby p\u0159es noc. Za jeho postaven\u00edm st\u00e1l talent, pracovn\u00ed k\u00e1ze\u0148 i cit pro publikum.","footnotes":""},"categories":[1059],"tags":[571,7360,7357,1390,71,7184,4105,406,7359,7358],"class_list":["post-10454","post","type-post","status-publish","format-standard","has-post-thumbnail","hentry","category-celebrity","tag-ceska-hudba","tag-fenomen","tag-hlasovy-rozsah","tag-hudebni-kariera","tag-karel-gott","tag-legendarni-zpevak","tag-nemecko","tag-pop","tag-publikum","tag-repertoar"],"yoast_head":"<!-- This site is optimized with the Yoast SEO plugin v27.4 - https:\/\/yoast.com\/product\/yoast-seo-wordpress\/ -->\n<title>Karel Gott si udr\u017eel v\u00fdjime\u010dn\u00e9 m\u00edsto v \u010desk\u00e9 hudb\u011b po des\u00edtky let<\/title>\n<meta name=\"description\" content=\"Karel Gott se nestal symbolem \u010desk\u00e9 popov\u00e9 hudby p\u0159es noc. Za jeho postaven\u00edm st\u00e1l talent, pracovn\u00ed k\u00e1ze\u0148 i cit pro publikum.\" \/>\n<meta name=\"robots\" content=\"index, follow, max-snippet:-1, max-image-preview:large, max-video-preview:-1\" \/>\n<link rel=\"canonical\" href=\"https:\/\/www.karaoketexty.cz\/magazin\/jak-si-karel-gott-udrzel-vyjimecne-misto-v-ceske-hudbe-po-desitky-let\/\" \/>\n<meta property=\"og:locale\" content=\"cs_CZ\" \/>\n<meta property=\"og:type\" content=\"article\" \/>\n<meta property=\"og:title\" content=\"Karel Gott si udr\u017eel v\u00fdjime\u010dn\u00e9 m\u00edsto v \u010desk\u00e9 hudb\u011b po des\u00edtky let\" \/>\n<meta property=\"og:description\" content=\"Karel Gott se nestal symbolem \u010desk\u00e9 popov\u00e9 hudby p\u0159es noc. Za jeho postaven\u00edm st\u00e1l talent, pracovn\u00ed k\u00e1ze\u0148 i cit pro publikum.\" \/>\n<meta property=\"og:url\" content=\"https:\/\/www.karaoketexty.cz\/magazin\/jak-si-karel-gott-udrzel-vyjimecne-misto-v-ceske-hudbe-po-desitky-let\/\" \/>\n<meta property=\"og:site_name\" content=\"Stars Magaz\u00edn Karaoketexty.cz\" \/>\n<meta property=\"article:published_time\" content=\"2026-04-29T08:02:00+00:00\" \/>\n<meta property=\"og:image\" content=\"https:\/\/www.karaoketexty.cz\/magazin\/wp-content\/uploads\/2026\/04\/karel-gott-cesta-ke-slave.jpg\" \/>\n\t<meta property=\"og:image:width\" content=\"1200\" \/>\n\t<meta property=\"og:image:height\" content=\"675\" \/>\n\t<meta property=\"og:image:type\" content=\"image\/jpeg\" \/>\n<meta name=\"author\" content=\"Veronika \u0160imkov\u00e1\" \/>\n<meta name=\"twitter:card\" content=\"summary_large_image\" \/>\n<meta name=\"twitter:label1\" content=\"Napsal(a)\" \/>\n\t<meta name=\"twitter:data1\" content=\"Veronika \u0160imkov\u00e1\" \/>\n\t<meta name=\"twitter:label2\" content=\"Odhadovan\u00e1 doba \u010dten\u00ed\" \/>\n\t<meta name=\"twitter:data2\" content=\"3 minuty\" \/>\n<script type=\"application\/ld+json\" class=\"yoast-schema-graph\">{\"@context\":\"https:\\\/\\\/schema.org\",\"@graph\":[{\"@type\":\"Article\",\"@id\":\"https:\\\/\\\/www.karaoketexty.cz\\\/magazin\\\/jak-si-karel-gott-udrzel-vyjimecne-misto-v-ceske-hudbe-po-desitky-let\\\/#article\",\"isPartOf\":{\"@id\":\"https:\\\/\\\/www.karaoketexty.cz\\\/magazin\\\/jak-si-karel-gott-udrzel-vyjimecne-misto-v-ceske-hudbe-po-desitky-let\\\/\"},\"author\":{\"name\":\"Veronika \u0160imkov\u00e1\",\"@id\":\"https:\\\/\\\/www.karaoketexty.cz\\\/magazin\\\/#\\\/schema\\\/person\\\/03220d610ed4cba378a72bac3443f821\"},\"headline\":\"Jak si Karel Gott udr\u017eel v\u00fdjime\u010dn\u00e9 m\u00edsto v \u010desk\u00e9 hudb\u011b po des\u00edtky let\",\"datePublished\":\"2026-04-29T08:02:00+00:00\",\"mainEntityOfPage\":{\"@id\":\"https:\\\/\\\/www.karaoketexty.cz\\\/magazin\\\/jak-si-karel-gott-udrzel-vyjimecne-misto-v-ceske-hudbe-po-desitky-let\\\/\"},\"wordCount\":540,\"commentCount\":0,\"image\":{\"@id\":\"https:\\\/\\\/www.karaoketexty.cz\\\/magazin\\\/jak-si-karel-gott-udrzel-vyjimecne-misto-v-ceske-hudbe-po-desitky-let\\\/#primaryimage\"},\"thumbnailUrl\":\"https:\\\/\\\/www.karaoketexty.cz\\\/magazin\\\/wp-content\\\/uploads\\\/2026\\\/04\\\/karel-gott-cesta-ke-slave.jpg\",\"keywords\":[\"\u010desk\u00e1 hudba\",\"fenom\u00e9n\",\"hlasov\u00fd rozsah\",\"hudebn\u00ed kari\u00e9ra\",\"Karel Gott\",\"legend\u00e1rn\u00ed zp\u011bv\u00e1k\",\"N\u011bmecko\",\"pop\",\"publikum\",\"reperto\u00e1r\"],\"articleSection\":[\"Celebrity\"],\"inLanguage\":\"cs\",\"potentialAction\":[{\"@type\":\"CommentAction\",\"name\":\"Comment\",\"target\":[\"https:\\\/\\\/www.karaoketexty.cz\\\/magazin\\\/jak-si-karel-gott-udrzel-vyjimecne-misto-v-ceske-hudbe-po-desitky-let\\\/#respond\"]}]},{\"@type\":\"WebPage\",\"@id\":\"https:\\\/\\\/www.karaoketexty.cz\\\/magazin\\\/jak-si-karel-gott-udrzel-vyjimecne-misto-v-ceske-hudbe-po-desitky-let\\\/\",\"url\":\"https:\\\/\\\/www.karaoketexty.cz\\\/magazin\\\/jak-si-karel-gott-udrzel-vyjimecne-misto-v-ceske-hudbe-po-desitky-let\\\/\",\"name\":\"Karel Gott si udr\u017eel v\u00fdjime\u010dn\u00e9 m\u00edsto v \u010desk\u00e9 hudb\u011b po des\u00edtky let\",\"isPartOf\":{\"@id\":\"https:\\\/\\\/www.karaoketexty.cz\\\/magazin\\\/#website\"},\"primaryImageOfPage\":{\"@id\":\"https:\\\/\\\/www.karaoketexty.cz\\\/magazin\\\/jak-si-karel-gott-udrzel-vyjimecne-misto-v-ceske-hudbe-po-desitky-let\\\/#primaryimage\"},\"image\":{\"@id\":\"https:\\\/\\\/www.karaoketexty.cz\\\/magazin\\\/jak-si-karel-gott-udrzel-vyjimecne-misto-v-ceske-hudbe-po-desitky-let\\\/#primaryimage\"},\"thumbnailUrl\":\"https:\\\/\\\/www.karaoketexty.cz\\\/magazin\\\/wp-content\\\/uploads\\\/2026\\\/04\\\/karel-gott-cesta-ke-slave.jpg\",\"datePublished\":\"2026-04-29T08:02:00+00:00\",\"author\":{\"@id\":\"https:\\\/\\\/www.karaoketexty.cz\\\/magazin\\\/#\\\/schema\\\/person\\\/03220d610ed4cba378a72bac3443f821\"},\"description\":\"Karel Gott se nestal symbolem \u010desk\u00e9 popov\u00e9 hudby p\u0159es noc. Za jeho postaven\u00edm st\u00e1l talent, pracovn\u00ed k\u00e1ze\u0148 i cit pro publikum.\",\"breadcrumb\":{\"@id\":\"https:\\\/\\\/www.karaoketexty.cz\\\/magazin\\\/jak-si-karel-gott-udrzel-vyjimecne-misto-v-ceske-hudbe-po-desitky-let\\\/#breadcrumb\"},\"inLanguage\":\"cs\",\"potentialAction\":[{\"@type\":\"ReadAction\",\"target\":[\"https:\\\/\\\/www.karaoketexty.cz\\\/magazin\\\/jak-si-karel-gott-udrzel-vyjimecne-misto-v-ceske-hudbe-po-desitky-let\\\/\"]}]},{\"@type\":\"ImageObject\",\"inLanguage\":\"cs\",\"@id\":\"https:\\\/\\\/www.karaoketexty.cz\\\/magazin\\\/jak-si-karel-gott-udrzel-vyjimecne-misto-v-ceske-hudbe-po-desitky-let\\\/#primaryimage\",\"url\":\"https:\\\/\\\/www.karaoketexty.cz\\\/magazin\\\/wp-content\\\/uploads\\\/2026\\\/04\\\/karel-gott-cesta-ke-slave.jpg\",\"contentUrl\":\"https:\\\/\\\/www.karaoketexty.cz\\\/magazin\\\/wp-content\\\/uploads\\\/2026\\\/04\\\/karel-gott-cesta-ke-slave.jpg\",\"width\":1200,\"height\":675,\"caption\":\"Fotografie: Nextfoto\"},{\"@type\":\"BreadcrumbList\",\"@id\":\"https:\\\/\\\/www.karaoketexty.cz\\\/magazin\\\/jak-si-karel-gott-udrzel-vyjimecne-misto-v-ceske-hudbe-po-desitky-let\\\/#breadcrumb\",\"itemListElement\":[{\"@type\":\"ListItem\",\"position\":1,\"name\":\"Dom\u016f\",\"item\":\"https:\\\/\\\/www.karaoketexty.cz\\\/magazin\\\/\"},{\"@type\":\"ListItem\",\"position\":2,\"name\":\"Jak si Karel Gott udr\u017eel v\u00fdjime\u010dn\u00e9 m\u00edsto v \u010desk\u00e9 hudb\u011b po des\u00edtky let\"}]},{\"@type\":\"WebSite\",\"@id\":\"https:\\\/\\\/www.karaoketexty.cz\\\/magazin\\\/#website\",\"url\":\"https:\\\/\\\/www.karaoketexty.cz\\\/magazin\\\/\",\"name\":\"Stars Magaz\u00edn Karaoketexty.cz\",\"description\":\"Stars Magaz\u00edn na Karaoketexty.cz je zam\u011b\u0159en\u00fd na novinky ze sv\u011bta hudby a celebrit. Obsahuje \u010dl\u00e1nky o zp\u011bv\u00e1c\u00edch, kapel\u00e1ch, nov\u00fdch albech, hudebn\u00edch trendech a dal\u0161\u00edch zaj\u00edmavostech z hudebn\u00edho pr\u016fmyslu.\",\"potentialAction\":[{\"@type\":\"SearchAction\",\"target\":{\"@type\":\"EntryPoint\",\"urlTemplate\":\"https:\\\/\\\/www.karaoketexty.cz\\\/magazin\\\/?s={search_term_string}\"},\"query-input\":{\"@type\":\"PropertyValueSpecification\",\"valueRequired\":true,\"valueName\":\"search_term_string\"}}],\"inLanguage\":\"cs\"},{\"@type\":\"Person\",\"@id\":\"https:\\\/\\\/www.karaoketexty.cz\\\/magazin\\\/#\\\/schema\\\/person\\\/03220d610ed4cba378a72bac3443f821\",\"name\":\"Veronika \u0160imkov\u00e1\",\"image\":{\"@type\":\"ImageObject\",\"inLanguage\":\"cs\",\"@id\":\"https:\\\/\\\/secure.gravatar.com\\\/avatar\\\/62af9cda83322200aaf20e60d0442fbca254ce18c0ffdcaaf83de31493c941a5?s=96&d=mm&r=g\",\"url\":\"https:\\\/\\\/secure.gravatar.com\\\/avatar\\\/62af9cda83322200aaf20e60d0442fbca254ce18c0ffdcaaf83de31493c941a5?s=96&d=mm&r=g\",\"contentUrl\":\"https:\\\/\\\/secure.gravatar.com\\\/avatar\\\/62af9cda83322200aaf20e60d0442fbca254ce18c0ffdcaaf83de31493c941a5?s=96&d=mm&r=g\",\"caption\":\"Veronika \u0160imkov\u00e1\"},\"url\":\"https:\\\/\\\/www.karaoketexty.cz\\\/magazin\\\/author\\\/veronikasimkova\\\/\"}]}<\/script>\n<!-- \/ Yoast SEO plugin. -->","yoast_head_json":{"title":"Karel Gott si udr\u017eel v\u00fdjime\u010dn\u00e9 m\u00edsto v \u010desk\u00e9 hudb\u011b po des\u00edtky let","description":"Karel Gott se nestal symbolem \u010desk\u00e9 popov\u00e9 hudby p\u0159es noc. Za jeho postaven\u00edm st\u00e1l talent, pracovn\u00ed k\u00e1ze\u0148 i cit pro publikum.","robots":{"index":"index","follow":"follow","max-snippet":"max-snippet:-1","max-image-preview":"max-image-preview:large","max-video-preview":"max-video-preview:-1"},"canonical":"https:\/\/www.karaoketexty.cz\/magazin\/jak-si-karel-gott-udrzel-vyjimecne-misto-v-ceske-hudbe-po-desitky-let\/","og_locale":"cs_CZ","og_type":"article","og_title":"Karel Gott si udr\u017eel v\u00fdjime\u010dn\u00e9 m\u00edsto v \u010desk\u00e9 hudb\u011b po des\u00edtky let","og_description":"Karel Gott se nestal symbolem \u010desk\u00e9 popov\u00e9 hudby p\u0159es noc. Za jeho postaven\u00edm st\u00e1l talent, pracovn\u00ed k\u00e1ze\u0148 i cit pro publikum.","og_url":"https:\/\/www.karaoketexty.cz\/magazin\/jak-si-karel-gott-udrzel-vyjimecne-misto-v-ceske-hudbe-po-desitky-let\/","og_site_name":"Stars Magaz\u00edn Karaoketexty.cz","article_published_time":"2026-04-29T08:02:00+00:00","og_image":[{"width":1200,"height":675,"url":"https:\/\/www.karaoketexty.cz\/magazin\/wp-content\/uploads\/2026\/04\/karel-gott-cesta-ke-slave.jpg","type":"image\/jpeg"}],"author":"Veronika \u0160imkov\u00e1","twitter_card":"summary_large_image","twitter_misc":{"Napsal(a)":"Veronika \u0160imkov\u00e1","Odhadovan\u00e1 doba \u010dten\u00ed":"3 minuty"},"schema":{"@context":"https:\/\/schema.org","@graph":[{"@type":"Article","@id":"https:\/\/www.karaoketexty.cz\/magazin\/jak-si-karel-gott-udrzel-vyjimecne-misto-v-ceske-hudbe-po-desitky-let\/#article","isPartOf":{"@id":"https:\/\/www.karaoketexty.cz\/magazin\/jak-si-karel-gott-udrzel-vyjimecne-misto-v-ceske-hudbe-po-desitky-let\/"},"author":{"name":"Veronika \u0160imkov\u00e1","@id":"https:\/\/www.karaoketexty.cz\/magazin\/#\/schema\/person\/03220d610ed4cba378a72bac3443f821"},"headline":"Jak si Karel Gott udr\u017eel v\u00fdjime\u010dn\u00e9 m\u00edsto v \u010desk\u00e9 hudb\u011b po des\u00edtky let","datePublished":"2026-04-29T08:02:00+00:00","mainEntityOfPage":{"@id":"https:\/\/www.karaoketexty.cz\/magazin\/jak-si-karel-gott-udrzel-vyjimecne-misto-v-ceske-hudbe-po-desitky-let\/"},"wordCount":540,"commentCount":0,"image":{"@id":"https:\/\/www.karaoketexty.cz\/magazin\/jak-si-karel-gott-udrzel-vyjimecne-misto-v-ceske-hudbe-po-desitky-let\/#primaryimage"},"thumbnailUrl":"https:\/\/www.karaoketexty.cz\/magazin\/wp-content\/uploads\/2026\/04\/karel-gott-cesta-ke-slave.jpg","keywords":["\u010desk\u00e1 hudba","fenom\u00e9n","hlasov\u00fd rozsah","hudebn\u00ed kari\u00e9ra","Karel Gott","legend\u00e1rn\u00ed zp\u011bv\u00e1k","N\u011bmecko","pop","publikum","reperto\u00e1r"],"articleSection":["Celebrity"],"inLanguage":"cs","potentialAction":[{"@type":"CommentAction","name":"Comment","target":["https:\/\/www.karaoketexty.cz\/magazin\/jak-si-karel-gott-udrzel-vyjimecne-misto-v-ceske-hudbe-po-desitky-let\/#respond"]}]},{"@type":"WebPage","@id":"https:\/\/www.karaoketexty.cz\/magazin\/jak-si-karel-gott-udrzel-vyjimecne-misto-v-ceske-hudbe-po-desitky-let\/","url":"https:\/\/www.karaoketexty.cz\/magazin\/jak-si-karel-gott-udrzel-vyjimecne-misto-v-ceske-hudbe-po-desitky-let\/","name":"Karel Gott si udr\u017eel v\u00fdjime\u010dn\u00e9 m\u00edsto v \u010desk\u00e9 hudb\u011b po des\u00edtky let","isPartOf":{"@id":"https:\/\/www.karaoketexty.cz\/magazin\/#website"},"primaryImageOfPage":{"@id":"https:\/\/www.karaoketexty.cz\/magazin\/jak-si-karel-gott-udrzel-vyjimecne-misto-v-ceske-hudbe-po-desitky-let\/#primaryimage"},"image":{"@id":"https:\/\/www.karaoketexty.cz\/magazin\/jak-si-karel-gott-udrzel-vyjimecne-misto-v-ceske-hudbe-po-desitky-let\/#primaryimage"},"thumbnailUrl":"https:\/\/www.karaoketexty.cz\/magazin\/wp-content\/uploads\/2026\/04\/karel-gott-cesta-ke-slave.jpg","datePublished":"2026-04-29T08:02:00+00:00","author":{"@id":"https:\/\/www.karaoketexty.cz\/magazin\/#\/schema\/person\/03220d610ed4cba378a72bac3443f821"},"description":"Karel Gott se nestal symbolem \u010desk\u00e9 popov\u00e9 hudby p\u0159es noc. Za jeho postaven\u00edm st\u00e1l talent, pracovn\u00ed k\u00e1ze\u0148 i cit pro publikum.","breadcrumb":{"@id":"https:\/\/www.karaoketexty.cz\/magazin\/jak-si-karel-gott-udrzel-vyjimecne-misto-v-ceske-hudbe-po-desitky-let\/#breadcrumb"},"inLanguage":"cs","potentialAction":[{"@type":"ReadAction","target":["https:\/\/www.karaoketexty.cz\/magazin\/jak-si-karel-gott-udrzel-vyjimecne-misto-v-ceske-hudbe-po-desitky-let\/"]}]},{"@type":"ImageObject","inLanguage":"cs","@id":"https:\/\/www.karaoketexty.cz\/magazin\/jak-si-karel-gott-udrzel-vyjimecne-misto-v-ceske-hudbe-po-desitky-let\/#primaryimage","url":"https:\/\/www.karaoketexty.cz\/magazin\/wp-content\/uploads\/2026\/04\/karel-gott-cesta-ke-slave.jpg","contentUrl":"https:\/\/www.karaoketexty.cz\/magazin\/wp-content\/uploads\/2026\/04\/karel-gott-cesta-ke-slave.jpg","width":1200,"height":675,"caption":"Fotografie: Nextfoto"},{"@type":"BreadcrumbList","@id":"https:\/\/www.karaoketexty.cz\/magazin\/jak-si-karel-gott-udrzel-vyjimecne-misto-v-ceske-hudbe-po-desitky-let\/#breadcrumb","itemListElement":[{"@type":"ListItem","position":1,"name":"Dom\u016f","item":"https:\/\/www.karaoketexty.cz\/magazin\/"},{"@type":"ListItem","position":2,"name":"Jak si Karel Gott udr\u017eel v\u00fdjime\u010dn\u00e9 m\u00edsto v \u010desk\u00e9 hudb\u011b po des\u00edtky let"}]},{"@type":"WebSite","@id":"https:\/\/www.karaoketexty.cz\/magazin\/#website","url":"https:\/\/www.karaoketexty.cz\/magazin\/","name":"Stars Magaz\u00edn Karaoketexty.cz","description":"Stars Magaz\u00edn na Karaoketexty.cz je zam\u011b\u0159en\u00fd na novinky ze sv\u011bta hudby a celebrit. Obsahuje \u010dl\u00e1nky o zp\u011bv\u00e1c\u00edch, kapel\u00e1ch, nov\u00fdch albech, hudebn\u00edch trendech a dal\u0161\u00edch zaj\u00edmavostech z hudebn\u00edho pr\u016fmyslu.","potentialAction":[{"@type":"SearchAction","target":{"@type":"EntryPoint","urlTemplate":"https:\/\/www.karaoketexty.cz\/magazin\/?s={search_term_string}"},"query-input":{"@type":"PropertyValueSpecification","valueRequired":true,"valueName":"search_term_string"}}],"inLanguage":"cs"},{"@type":"Person","@id":"https:\/\/www.karaoketexty.cz\/magazin\/#\/schema\/person\/03220d610ed4cba378a72bac3443f821","name":"Veronika \u0160imkov\u00e1","image":{"@type":"ImageObject","inLanguage":"cs","@id":"https:\/\/secure.gravatar.com\/avatar\/62af9cda83322200aaf20e60d0442fbca254ce18c0ffdcaaf83de31493c941a5?s=96&d=mm&r=g","url":"https:\/\/secure.gravatar.com\/avatar\/62af9cda83322200aaf20e60d0442fbca254ce18c0ffdcaaf83de31493c941a5?s=96&d=mm&r=g","contentUrl":"https:\/\/secure.gravatar.com\/avatar\/62af9cda83322200aaf20e60d0442fbca254ce18c0ffdcaaf83de31493c941a5?s=96&d=mm&r=g","caption":"Veronika \u0160imkov\u00e1"},"url":"https:\/\/www.karaoketexty.cz\/magazin\/author\/veronikasimkova\/"}]}},"_links":{"self":[{"href":"https:\/\/www.karaoketexty.cz\/magazin\/wp-json\/wp\/v2\/posts\/10454","targetHints":{"allow":["GET"]}}],"collection":[{"href":"https:\/\/www.karaoketexty.cz\/magazin\/wp-json\/wp\/v2\/posts"}],"about":[{"href":"https:\/\/www.karaoketexty.cz\/magazin\/wp-json\/wp\/v2\/types\/post"}],"author":[{"embeddable":true,"href":"https:\/\/www.karaoketexty.cz\/magazin\/wp-json\/wp\/v2\/users\/5"}],"replies":[{"embeddable":true,"href":"https:\/\/www.karaoketexty.cz\/magazin\/wp-json\/wp\/v2\/comments?post=10454"}],"version-history":[{"count":6,"href":"https:\/\/www.karaoketexty.cz\/magazin\/wp-json\/wp\/v2\/posts\/10454\/revisions"}],"predecessor-version":[{"id":10773,"href":"https:\/\/www.karaoketexty.cz\/magazin\/wp-json\/wp\/v2\/posts\/10454\/revisions\/10773"}],"wp:featuredmedia":[{"embeddable":true,"href":"https:\/\/www.karaoketexty.cz\/magazin\/wp-json\/wp\/v2\/media\/10428"}],"wp:attachment":[{"href":"https:\/\/www.karaoketexty.cz\/magazin\/wp-json\/wp\/v2\/media?parent=10454"}],"wp:term":[{"taxonomy":"category","embeddable":true,"href":"https:\/\/www.karaoketexty.cz\/magazin\/wp-json\/wp\/v2\/categories?post=10454"},{"taxonomy":"post_tag","embeddable":true,"href":"https:\/\/www.karaoketexty.cz\/magazin\/wp-json\/wp\/v2\/tags?post=10454"}],"curies":[{"name":"wp","href":"https:\/\/api.w.org\/{rel}","templated":true}]}}