{"id":10442,"date":"2026-04-29T07:26:00","date_gmt":"2026-04-29T05:26:00","guid":{"rendered":"https:\/\/www.karaoketexty.cz\/magazin\/?p=10442"},"modified":"2026-04-28T10:18:57","modified_gmt":"2026-04-28T08:18:57","slug":"jan-revai-odhaluje-svou-temnou-minulost-nez-dostal-druhou-sanci-prosel-dluhy-a-vezenim","status":"publish","type":"post","link":"https:\/\/www.karaoketexty.cz\/magazin\/jan-revai-odhaluje-svou-temnou-minulost-nez-dostal-druhou-sanci-prosel-dluhy-a-vezenim\/","title":{"rendered":"Jan R\u00e9vai odhaluje svou temnou minulost: Ne\u017e dostal druhou \u0161anci, pro\u0161el dluhy a v\u011bzen\u00edm"},"content":{"rendered":"\n<p><strong>Dnes ho lid\u00e9 znaj\u00ed jako herce, tane\u010dn\u00edka a mu\u017ee, kter\u00fd u\u017e p\u016fsob\u00ed klidn\u011b a vyrovnan\u011b. Jeho za\u010d\u00e1tky ale byly mnohem tvrd\u0161\u00ed a chv\u00edli to vypadalo, \u017ee o norm\u00e1ln\u00ed budoucnost p\u0159ijde d\u0159\u00edv, ne\u017e v\u016fbec za\u010dne.<\/strong><\/p>\n\n\n\n<p>Jan R\u00e9vai se do \u0161ir\u0161\u00edho pov\u011bdom\u00ed dostal hlavn\u011b d\u00edky Rebel\u016fm, kde ztv\u00e1rnil jednu z v\u00fdrazn\u00fdch rol\u00ed. Film mu otev\u0159el dve\u0159e a zm\u011bnil kari\u00e9ru. Moc ale nechyb\u011blo a v\u0161echno mohlo dopadnout \u00fapln\u011b jinak, jak bychom na Karaoketexty cht\u011bli p\u0159ipomenout.<strong> <\/strong>Ne\u017e p\u0159i\u0161la hereck\u00e1 \u0161ance, m\u011bl za sebou velmi t\u011b\u017ek\u00e9 obdob\u00ed, dluhy, \u0161patn\u00e1 rozhodnut\u00ed a pobyt ve v\u011bzen\u00ed. Dneska je ale d\u016fkazem toho, \u017ee \u010dlov\u011bk nemus\u00ed z\u016fstat nav\u017edy uv\u011bzn\u011bn\u00fd ve sv\u00e9 nejhor\u0161\u00ed chyb\u011b.<\/p>\n\n\n<!-- karaoketexty.cz \/ rectangle2 -->\n<div id=\"PX_37086_709110796310826\"><\/div>\n<script>\n   if(!useMobileAds && !boolUseSeznamAds && !hideAllAds){\n     window.px2 = window.px2 || { conf: {},queue: [] };\n     px2.queue.push(function () {\n        px2.render({\n           slot: {\n              id: 37086\n           },\n            elem: \"PX_37086_709110796310826\"\n        })\n     });\n  }\n<\/script>\n\n<!-- karaoketexty.cz \/ mobile-rectangle3 -->\n<div id=\"PX_37044_714599773297004\"><\/div>\n<script>\n   if(useMobileAds && !boolUseSeznamAds && !hideAllAds){\nwindow.px2 = window.px2 || { conf: {},queue: [] };\npx2.queue.push(function () {\n\tpx2.render({\n\t\tslot: {\n\t\t\tid: 37044\n\t\t},\n\t\telem: \"PX_37044_714599773297004\"\n\t})\n});\n}\n<\/script>\n\n\n<h2 class=\"wp-block-heading\">Kv\u016fli dluh\u016fm ud\u011blal krok, kter\u00fd mu p\u0159evr\u00e1til \u017eivot<\/h2>\n\n\n\n<p>Jan R\u00e9vai se v ml\u00e1d\u00ed dostal do probl\u00e9m\u016f kv\u016fli gamblerstv\u00ed a dluh\u016fm, kter\u00e9 p\u0159est\u00e1val zvl\u00e1dat. Tehdy se spolu s partou zapletl do p\u0159epaden\u00ed benzinov\u00e9 pumpy. Pozd\u011bji o tom mluvil bez vyt\u00e1\u010dek a p\u0159iznal, \u017ee \u0161lo o zoufal\u00fd a hloup\u00fd \u010din. Za tento skutek dostal trest t\u0159i a p\u016fl roku v\u011bzen\u00ed, i kdy\u017e nakonec ode\u0161el po polovin\u011b za dobr\u00e9 chov\u00e1n\u00ed. Byla to zku\u0161enost, kter\u00e1 ho siln\u011b poznamenala a kterou u\u017e pak necht\u011bl opakovat.<\/p>\n\n\n\n<p>Na cel\u00e9 v\u011bci je d\u016fle\u017eit\u00e9 i to, \u017ee svou minulost neskr\u00fdv\u00e1. S\u00e1m \u0159ekl, \u017ee o n\u00ed v\u010das promluvil i se sv\u00fdmi d\u011btmi, aby od n\u011bj sly\u0161ely pravdu a ch\u00e1paly, co m\u016f\u017ee \u010dlov\u011bka st\u00e1t jedno \u0161patn\u00e9 rozhodnut\u00ed. Nesna\u017e\u00ed se ze sebe d\u011blat hrdinu ani ob\u011b\u0165. Sp\u00ed\u0161 mluv\u00ed o tom, \u017ee tehdy selhal a \u017ee se z toho sna\u017eil pou\u010dit.<\/p>\n\n\n<!-- karaoketexty.cz \/ interscroller1 -->\n\n<div id=\"PX_37041_825057871452834\"><\/div>\n<script>\nif(useMobileAds && !boolUseSeznamAds && !hideAllAds){\n\twindow.px2 = window.px2 || { conf: {},queue: [] };\n\tpx2.queue.push(function () {\n\t\tpx2.render({\n\t\t\tslot: {\n\t\t\t\tid: 37041\n\t\t\t},\n\t\t\telem: \"PX_37041_825057871452834\"\n\t\t})\n\t});\n}\n<\/script>\n\n\n<h2 class=\"wp-block-heading\">Herectv\u00ed mu pomohlo postavit \u017eivot znovu<\/h2>\n\n\n\n<p>Kdy\u017e se pozd\u011bji dostal k herectv\u00ed a tanci, p\u0159i\u0161la pro n\u011bj nov\u00e1 cesta. Nebylo to tak, \u017ee by se v\u0161echno srovnalo p\u0159es noc, ale dostal mo\u017enost za\u010d\u00edt jinak. Rebelov\u00e9 pro n\u011bj znamenali z\u00e1sadn\u00ed zlom. Najednou nest\u00e1l na okraji, ale p\u0159ed kamerou, a lid\u00e9 si ho za\u010dali spojovat s talentem, ne s pr\u016f\u0161vihem. Od t\u00e9 doby se herectv\u00ed dr\u017e\u00ed a uk\u00e1zal, \u017ee druhou \u0161anci um\u00ed vyu\u017e\u00edt.<\/p>\n\n\n\n<iframe title=\"V\u011bd\u011bl jsem, \u017ee do v\u011bzen\u00ed nepat\u0159\u00edm a \u017ee u\u017e nechci takhle zakopnout. Zklamal jsem s\u00e1m sebe, \u0159\u00edk\u00e1 R\u00e9vai\" width=\"500\" height=\"281\" src=\"https:\/\/www.youtube.com\/embed\/8M9dV8Mtruc?feature=oembed\" frameborder=\"0\" allow=\"accelerometer; autoplay; clipboard-write; encrypted-media; gyroscope; picture-in-picture; web-share\" referrerpolicy=\"strict-origin-when-cross-origin\" allowfullscreen><\/iframe>\n\n\n\n<p>Zaj\u00edmavost\u00ed je, \u017ee b\u011bhem nat\u00e1\u010den\u00ed Rebel\u016f p\u0159esko\u010dila jiskra i mezi n\u00edm a Zuzanou Norisovou. Sv\u016fj vztah ale p\u0159ed \u0161t\u00e1bem dr\u017eeli sp\u00ed\u0161 v soukrom\u00ed a nevystavovali ho navenek. Chv\u00edli tvo\u0159ili p\u00e1r i mimo film, pozd\u011bji se ale jejich cesty roze\u0161ly. Ka\u017ed\u00fd zam\u00ed\u0159il jinam a dnes maj\u00ed oba sv\u00e9 rodiny i vlastn\u00ed \u017eivot.<\/p>\n\n\n\n<p>Zdroj: Autorsk\u00fd text, <a href=\"https:\/\/dvojka.rozhlas.cz\/starsi-syn-o-mem-klopytnuti-vi-neni-zadne-tabu-sveruje-se-jan-revai-8141846\" target=\"_blank\" rel=\"noreferrer noopener nofollow\">\u010cesk\u00fdRozhlas<\/a>, <a href=\"https:\/\/www.idnes.cz\/zpravy\/revue\/spolecnost\/jan-revai-herec-serial-moloch-cestovani-nataceni-vandraci.A250528_145016_lidicky_vals\" target=\"_blank\" rel=\"noreferrer noopener nofollow\">iDnes<\/a>,&nbsp;<a href=\"https:\/\/www.csfd.cz\/tvurce\/1511-jan-revai\/zajimavosti\/\" target=\"_blank\" rel=\"noreferrer noopener nofollow\">\u010cSFD<\/a>, <a href=\"https:\/\/youtu.be\/8M9dV8Mtruc\">YouTube DVTV<\/a><\/p>\n\n\n            <a href=\"https:\/\/www.karaoketexty.cz\/magazin\/rebelove-slavi-25-let-cesky-muzikal-o-lasce-v-dobe-okupace-a-touze-po-svobode-slavi-ctvrt-stoleti\/\" class=\"related-post-link\">\n                <div class=\"post-thumbnail\">\n                    <img decoding=\"async\" width=\"250\" height=\"178\" src=\"https:\/\/www.karaoketexty.cz\/magazin\/wp-content\/uploads\/2026\/02\/9082-sarah-salloum-katharine-selesiova-viktorie-tandlerova-scaled.jpg\" class=\"attachment-250x180 size-250x180 not-transparent\" alt=\"Muzik\u00e1l Rebelov\u00e9\" srcset=\"https:\/\/www.karaoketexty.cz\/magazin\/wp-content\/uploads\/2026\/02\/9082-sarah-salloum-katharine-selesiova-viktorie-tandlerova-scaled.jpg 2560w, https:\/\/www.karaoketexty.cz\/magazin\/wp-content\/uploads\/2026\/02\/9082-sarah-salloum-katharine-selesiova-viktorie-tandlerova-300x214.jpg 300w, https:\/\/www.karaoketexty.cz\/magazin\/wp-content\/uploads\/2026\/02\/9082-sarah-salloum-katharine-selesiova-viktorie-tandlerova-1024x730.jpg 1024w, https:\/\/www.karaoketexty.cz\/magazin\/wp-content\/uploads\/2026\/02\/9082-sarah-salloum-katharine-selesiova-viktorie-tandlerova-768x547.jpg 768w, https:\/\/www.karaoketexty.cz\/magazin\/wp-content\/uploads\/2026\/02\/9082-sarah-salloum-katharine-selesiova-viktorie-tandlerova-1536x1095.jpg 1536w, https:\/\/www.karaoketexty.cz\/magazin\/wp-content\/uploads\/2026\/02\/9082-sarah-salloum-katharine-selesiova-viktorie-tandlerova-2048x1460.jpg 2048w\" sizes=\"(max-width: 250px) 100vw, 250px\" data-has-transparency=\"false\" data-dominant-color=\"6f5861\" style=\"--dominant-color: #6f5861;\" \/>                <\/div>\n                <div class=\"post-details\">\n                    <span class=\"also-read\">\u010ct\u011bte tak\u00e9:<\/span>\n                    <h3 class=\"hed\">Rebelov\u00e9 slav\u00ed 25 let: \u010cesk\u00fd muzik\u00e1l o l\u00e1sce v dob\u011b okupace a touze po svobod\u011b slav\u00ed \u010dtvrt stolet\u00ed<\/h3>\n                <\/div>\n            <\/a>\n            \n\n            <a href=\"https:\/\/www.karaoketexty.cz\/magazin\/zuzana-norisova-se-vraci-z-ustrani-herecka-z-filmu-rebelove-po-letech-ticha-vyhrava-konkurzy\/\" class=\"related-post-link\">\n                <div class=\"post-thumbnail\">\n                    <img decoding=\"async\" width=\"250\" height=\"141\" src=\"https:\/\/www.karaoketexty.cz\/magazin\/wp-content\/uploads\/2025\/12\/zuzana-norisova-zivot.jpg\" class=\"attachment-250x180 size-250x180 not-transparent\" alt=\"Zuzana Norisov\u00e1 \u017eivot\" srcset=\"https:\/\/www.karaoketexty.cz\/magazin\/wp-content\/uploads\/2025\/12\/zuzana-norisova-zivot.jpg 1200w, https:\/\/www.karaoketexty.cz\/magazin\/wp-content\/uploads\/2025\/12\/zuzana-norisova-zivot-300x169.jpg 300w, https:\/\/www.karaoketexty.cz\/magazin\/wp-content\/uploads\/2025\/12\/zuzana-norisova-zivot-1024x576.jpg 1024w, https:\/\/www.karaoketexty.cz\/magazin\/wp-content\/uploads\/2025\/12\/zuzana-norisova-zivot-768x432.jpg 768w, https:\/\/www.karaoketexty.cz\/magazin\/wp-content\/uploads\/2025\/12\/zuzana-norisova-zivot-800x450.jpg 800w\" sizes=\"(max-width: 250px) 100vw, 250px\" data-has-transparency=\"false\" data-dominant-color=\"8c634c\" style=\"--dominant-color: #8c634c;\" \/>                <\/div>\n                <div class=\"post-details\">\n                    <span class=\"also-read\">\u010ct\u011bte tak\u00e9:<\/span>\n                    <h3 class=\"hed\">Zuzana Norisov\u00e1 se vrac\u00ed z \u00fastran\u00ed: Here\u010dka z filmu Rebelov\u00e9 po letech ticha vyhr\u00e1v\u00e1 konkurzy<\/h3>\n                <\/div>\n            <\/a>\n            ","protected":false},"excerpt":{"rendered":"<p>Dnes ho lid\u00e9 znaj\u00ed jako herce, tane\u010dn\u00edka a mu\u017ee, kter\u00fd u\u017e p\u016fsob\u00ed klidn\u011b a vyrovnan\u011b. Jeho za\u010d\u00e1tky ale byly mnohem tvrd\u0161\u00ed a chv\u00edli to vypadalo, \u017ee o norm\u00e1ln\u00ed budoucnost p\u0159ijde d\u0159\u00edv, ne\u017e v\u016fbec za\u010dne.<\/p>\n","protected":false},"author":5,"featured_media":10431,"comment_status":"open","ping_status":"closed","sticky":false,"template":"","format":"standard","meta":{"_yoast_wpseo_title":"Jan R\u00e9vai si p\u0159ed sl\u00e1vou pro\u0161el v\u011bzen\u00edm i velk\u00fdm zmatkem","_yoast_wpseo_metadesc":"Jan R\u00e9vai se p\u0159ed lety zapsal do pam\u011bti div\u00e1k\u016f jako \u0160imon z Rebel\u016f. Je\u0161t\u011b p\u0159ed t\u00edm ale ud\u011blal chybu, kter\u00e1 ho dovedla a\u017e do v\u011bzen\u00ed.","footnotes":""},"categories":[1059],"tags":[3248,2007,7351,6043,6237,7090,4958,1545,3326,7352,4959],"class_list":["post-10442","post","type-post","status-publish","format-standard","has-post-thumbnail","hentry","category-celebrity","tag-ceska-kinematografie","tag-druha-sance","tag-gamblerstvi","tag-herectvi","tag-jan-revai","tag-osobni-pribeh","tag-rebelove","tag-tanec","tag-vezeni","tag-zivotni-zlom","tag-zuzana-norisova"],"yoast_head":"<!-- This site is optimized with the Yoast SEO plugin v27.4 - https:\/\/yoast.com\/product\/yoast-seo-wordpress\/ -->\n<title>Jan R\u00e9vai si p\u0159ed sl\u00e1vou pro\u0161el v\u011bzen\u00edm i velk\u00fdm zmatkem<\/title>\n<meta name=\"description\" content=\"Jan R\u00e9vai se p\u0159ed lety zapsal do pam\u011bti div\u00e1k\u016f jako \u0160imon z Rebel\u016f. Je\u0161t\u011b p\u0159ed t\u00edm ale ud\u011blal chybu, kter\u00e1 ho dovedla a\u017e do v\u011bzen\u00ed.\" \/>\n<meta name=\"robots\" content=\"index, follow, max-snippet:-1, max-image-preview:large, max-video-preview:-1\" \/>\n<link rel=\"canonical\" href=\"https:\/\/www.karaoketexty.cz\/magazin\/jan-revai-odhaluje-svou-temnou-minulost-nez-dostal-druhou-sanci-prosel-dluhy-a-vezenim\/\" \/>\n<meta property=\"og:locale\" content=\"cs_CZ\" \/>\n<meta property=\"og:type\" content=\"article\" \/>\n<meta property=\"og:title\" content=\"Jan R\u00e9vai si p\u0159ed sl\u00e1vou pro\u0161el v\u011bzen\u00edm i velk\u00fdm zmatkem\" \/>\n<meta property=\"og:description\" content=\"Jan R\u00e9vai se p\u0159ed lety zapsal do pam\u011bti div\u00e1k\u016f jako \u0160imon z Rebel\u016f. Je\u0161t\u011b p\u0159ed t\u00edm ale ud\u011blal chybu, kter\u00e1 ho dovedla a\u017e do v\u011bzen\u00ed.\" \/>\n<meta property=\"og:url\" content=\"https:\/\/www.karaoketexty.cz\/magazin\/jan-revai-odhaluje-svou-temnou-minulost-nez-dostal-druhou-sanci-prosel-dluhy-a-vezenim\/\" \/>\n<meta property=\"og:site_name\" content=\"Stars Magaz\u00edn Karaoketexty.cz\" \/>\n<meta property=\"article:published_time\" content=\"2026-04-29T05:26:00+00:00\" \/>\n<meta property=\"og:image\" content=\"https:\/\/www.karaoketexty.cz\/magazin\/wp-content\/uploads\/2026\/04\/jan-revai.jpg\" \/>\n\t<meta property=\"og:image:width\" content=\"1200\" \/>\n\t<meta property=\"og:image:height\" content=\"675\" \/>\n\t<meta property=\"og:image:type\" content=\"image\/jpeg\" \/>\n<meta name=\"author\" content=\"Veronika \u0160imkov\u00e1\" \/>\n<meta name=\"twitter:card\" content=\"summary_large_image\" \/>\n<meta name=\"twitter:label1\" content=\"Napsal(a)\" \/>\n\t<meta name=\"twitter:data1\" content=\"Veronika \u0160imkov\u00e1\" \/>\n\t<meta name=\"twitter:label2\" content=\"Odhadovan\u00e1 doba \u010dten\u00ed\" \/>\n\t<meta name=\"twitter:data2\" content=\"7 minut\" \/>\n<script type=\"application\/ld+json\" class=\"yoast-schema-graph\">{\"@context\":\"https:\\\/\\\/schema.org\",\"@graph\":[{\"@type\":\"Article\",\"@id\":\"https:\\\/\\\/www.karaoketexty.cz\\\/magazin\\\/jan-revai-odhaluje-svou-temnou-minulost-nez-dostal-druhou-sanci-prosel-dluhy-a-vezenim\\\/#article\",\"isPartOf\":{\"@id\":\"https:\\\/\\\/www.karaoketexty.cz\\\/magazin\\\/jan-revai-odhaluje-svou-temnou-minulost-nez-dostal-druhou-sanci-prosel-dluhy-a-vezenim\\\/\"},\"author\":{\"name\":\"Veronika \u0160imkov\u00e1\",\"@id\":\"https:\\\/\\\/www.karaoketexty.cz\\\/magazin\\\/#\\\/schema\\\/person\\\/03220d610ed4cba378a72bac3443f821\"},\"headline\":\"Jan R\u00e9vai odhaluje svou temnou minulost: Ne\u017e dostal druhou \u0161anci, pro\u0161el dluhy a v\u011bzen\u00edm\",\"datePublished\":\"2026-04-29T05:26:00+00:00\",\"mainEntityOfPage\":{\"@id\":\"https:\\\/\\\/www.karaoketexty.cz\\\/magazin\\\/jan-revai-odhaluje-svou-temnou-minulost-nez-dostal-druhou-sanci-prosel-dluhy-a-vezenim\\\/\"},\"wordCount\":510,\"commentCount\":0,\"image\":{\"@id\":\"https:\\\/\\\/www.karaoketexty.cz\\\/magazin\\\/jan-revai-odhaluje-svou-temnou-minulost-nez-dostal-druhou-sanci-prosel-dluhy-a-vezenim\\\/#primaryimage\"},\"thumbnailUrl\":\"https:\\\/\\\/www.karaoketexty.cz\\\/magazin\\\/wp-content\\\/uploads\\\/2026\\\/04\\\/jan-revai.jpg\",\"keywords\":[\"\u010desk\u00e1 kinematografie\",\"druh\u00e1 \u0161ance\",\"gambl\u00e9rstv\u00ed\",\"herectv\u00ed\",\"Jan R\u00e9vai\",\"osobn\u00ed p\u0159\u00edb\u011bh\",\"Rebelov\u00e9\",\"tanec\",\"v\u011bzen\u00ed\",\"\u017eivotn\u00ed zlom\",\"Zuzana Norisov\u00e1\"],\"articleSection\":[\"Celebrity\"],\"inLanguage\":\"cs\",\"potentialAction\":[{\"@type\":\"CommentAction\",\"name\":\"Comment\",\"target\":[\"https:\\\/\\\/www.karaoketexty.cz\\\/magazin\\\/jan-revai-odhaluje-svou-temnou-minulost-nez-dostal-druhou-sanci-prosel-dluhy-a-vezenim\\\/#respond\"]}]},{\"@type\":\"WebPage\",\"@id\":\"https:\\\/\\\/www.karaoketexty.cz\\\/magazin\\\/jan-revai-odhaluje-svou-temnou-minulost-nez-dostal-druhou-sanci-prosel-dluhy-a-vezenim\\\/\",\"url\":\"https:\\\/\\\/www.karaoketexty.cz\\\/magazin\\\/jan-revai-odhaluje-svou-temnou-minulost-nez-dostal-druhou-sanci-prosel-dluhy-a-vezenim\\\/\",\"name\":\"Jan R\u00e9vai si p\u0159ed sl\u00e1vou pro\u0161el v\u011bzen\u00edm i velk\u00fdm zmatkem\",\"isPartOf\":{\"@id\":\"https:\\\/\\\/www.karaoketexty.cz\\\/magazin\\\/#website\"},\"primaryImageOfPage\":{\"@id\":\"https:\\\/\\\/www.karaoketexty.cz\\\/magazin\\\/jan-revai-odhaluje-svou-temnou-minulost-nez-dostal-druhou-sanci-prosel-dluhy-a-vezenim\\\/#primaryimage\"},\"image\":{\"@id\":\"https:\\\/\\\/www.karaoketexty.cz\\\/magazin\\\/jan-revai-odhaluje-svou-temnou-minulost-nez-dostal-druhou-sanci-prosel-dluhy-a-vezenim\\\/#primaryimage\"},\"thumbnailUrl\":\"https:\\\/\\\/www.karaoketexty.cz\\\/magazin\\\/wp-content\\\/uploads\\\/2026\\\/04\\\/jan-revai.jpg\",\"datePublished\":\"2026-04-29T05:26:00+00:00\",\"author\":{\"@id\":\"https:\\\/\\\/www.karaoketexty.cz\\\/magazin\\\/#\\\/schema\\\/person\\\/03220d610ed4cba378a72bac3443f821\"},\"description\":\"Jan R\u00e9vai se p\u0159ed lety zapsal do pam\u011bti div\u00e1k\u016f jako \u0160imon z Rebel\u016f. Je\u0161t\u011b p\u0159ed t\u00edm ale ud\u011blal chybu, kter\u00e1 ho dovedla a\u017e do v\u011bzen\u00ed.\",\"breadcrumb\":{\"@id\":\"https:\\\/\\\/www.karaoketexty.cz\\\/magazin\\\/jan-revai-odhaluje-svou-temnou-minulost-nez-dostal-druhou-sanci-prosel-dluhy-a-vezenim\\\/#breadcrumb\"},\"inLanguage\":\"cs\",\"potentialAction\":[{\"@type\":\"ReadAction\",\"target\":[\"https:\\\/\\\/www.karaoketexty.cz\\\/magazin\\\/jan-revai-odhaluje-svou-temnou-minulost-nez-dostal-druhou-sanci-prosel-dluhy-a-vezenim\\\/\"]}]},{\"@type\":\"ImageObject\",\"inLanguage\":\"cs\",\"@id\":\"https:\\\/\\\/www.karaoketexty.cz\\\/magazin\\\/jan-revai-odhaluje-svou-temnou-minulost-nez-dostal-druhou-sanci-prosel-dluhy-a-vezenim\\\/#primaryimage\",\"url\":\"https:\\\/\\\/www.karaoketexty.cz\\\/magazin\\\/wp-content\\\/uploads\\\/2026\\\/04\\\/jan-revai.jpg\",\"contentUrl\":\"https:\\\/\\\/www.karaoketexty.cz\\\/magazin\\\/wp-content\\\/uploads\\\/2026\\\/04\\\/jan-revai.jpg\",\"width\":1200,\"height\":675,\"caption\":\"Fotografie: Nextfoto\"},{\"@type\":\"BreadcrumbList\",\"@id\":\"https:\\\/\\\/www.karaoketexty.cz\\\/magazin\\\/jan-revai-odhaluje-svou-temnou-minulost-nez-dostal-druhou-sanci-prosel-dluhy-a-vezenim\\\/#breadcrumb\",\"itemListElement\":[{\"@type\":\"ListItem\",\"position\":1,\"name\":\"Dom\u016f\",\"item\":\"https:\\\/\\\/www.karaoketexty.cz\\\/magazin\\\/\"},{\"@type\":\"ListItem\",\"position\":2,\"name\":\"Jan R\u00e9vai odhaluje svou temnou minulost: Ne\u017e dostal druhou \u0161anci, pro\u0161el dluhy a v\u011bzen\u00edm\"}]},{\"@type\":\"WebSite\",\"@id\":\"https:\\\/\\\/www.karaoketexty.cz\\\/magazin\\\/#website\",\"url\":\"https:\\\/\\\/www.karaoketexty.cz\\\/magazin\\\/\",\"name\":\"Stars Magaz\u00edn Karaoketexty.cz\",\"description\":\"Stars Magaz\u00edn na Karaoketexty.cz je zam\u011b\u0159en\u00fd na novinky ze sv\u011bta hudby a celebrit. Obsahuje \u010dl\u00e1nky o zp\u011bv\u00e1c\u00edch, kapel\u00e1ch, nov\u00fdch albech, hudebn\u00edch trendech a dal\u0161\u00edch zaj\u00edmavostech z hudebn\u00edho pr\u016fmyslu.\",\"potentialAction\":[{\"@type\":\"SearchAction\",\"target\":{\"@type\":\"EntryPoint\",\"urlTemplate\":\"https:\\\/\\\/www.karaoketexty.cz\\\/magazin\\\/?s={search_term_string}\"},\"query-input\":{\"@type\":\"PropertyValueSpecification\",\"valueRequired\":true,\"valueName\":\"search_term_string\"}}],\"inLanguage\":\"cs\"},{\"@type\":\"Person\",\"@id\":\"https:\\\/\\\/www.karaoketexty.cz\\\/magazin\\\/#\\\/schema\\\/person\\\/03220d610ed4cba378a72bac3443f821\",\"name\":\"Veronika \u0160imkov\u00e1\",\"image\":{\"@type\":\"ImageObject\",\"inLanguage\":\"cs\",\"@id\":\"https:\\\/\\\/secure.gravatar.com\\\/avatar\\\/62af9cda83322200aaf20e60d0442fbca254ce18c0ffdcaaf83de31493c941a5?s=96&d=mm&r=g\",\"url\":\"https:\\\/\\\/secure.gravatar.com\\\/avatar\\\/62af9cda83322200aaf20e60d0442fbca254ce18c0ffdcaaf83de31493c941a5?s=96&d=mm&r=g\",\"contentUrl\":\"https:\\\/\\\/secure.gravatar.com\\\/avatar\\\/62af9cda83322200aaf20e60d0442fbca254ce18c0ffdcaaf83de31493c941a5?s=96&d=mm&r=g\",\"caption\":\"Veronika \u0160imkov\u00e1\"},\"url\":\"https:\\\/\\\/www.karaoketexty.cz\\\/magazin\\\/author\\\/veronikasimkova\\\/\"}]}<\/script>\n<!-- \/ Yoast SEO plugin. -->","yoast_head_json":{"title":"Jan R\u00e9vai si p\u0159ed sl\u00e1vou pro\u0161el v\u011bzen\u00edm i velk\u00fdm zmatkem","description":"Jan R\u00e9vai se p\u0159ed lety zapsal do pam\u011bti div\u00e1k\u016f jako \u0160imon z Rebel\u016f. Je\u0161t\u011b p\u0159ed t\u00edm ale ud\u011blal chybu, kter\u00e1 ho dovedla a\u017e do v\u011bzen\u00ed.","robots":{"index":"index","follow":"follow","max-snippet":"max-snippet:-1","max-image-preview":"max-image-preview:large","max-video-preview":"max-video-preview:-1"},"canonical":"https:\/\/www.karaoketexty.cz\/magazin\/jan-revai-odhaluje-svou-temnou-minulost-nez-dostal-druhou-sanci-prosel-dluhy-a-vezenim\/","og_locale":"cs_CZ","og_type":"article","og_title":"Jan R\u00e9vai si p\u0159ed sl\u00e1vou pro\u0161el v\u011bzen\u00edm i velk\u00fdm zmatkem","og_description":"Jan R\u00e9vai se p\u0159ed lety zapsal do pam\u011bti div\u00e1k\u016f jako \u0160imon z Rebel\u016f. Je\u0161t\u011b p\u0159ed t\u00edm ale ud\u011blal chybu, kter\u00e1 ho dovedla a\u017e do v\u011bzen\u00ed.","og_url":"https:\/\/www.karaoketexty.cz\/magazin\/jan-revai-odhaluje-svou-temnou-minulost-nez-dostal-druhou-sanci-prosel-dluhy-a-vezenim\/","og_site_name":"Stars Magaz\u00edn Karaoketexty.cz","article_published_time":"2026-04-29T05:26:00+00:00","og_image":[{"width":1200,"height":675,"url":"https:\/\/www.karaoketexty.cz\/magazin\/wp-content\/uploads\/2026\/04\/jan-revai.jpg","type":"image\/jpeg"}],"author":"Veronika \u0160imkov\u00e1","twitter_card":"summary_large_image","twitter_misc":{"Napsal(a)":"Veronika \u0160imkov\u00e1","Odhadovan\u00e1 doba \u010dten\u00ed":"7 minut"},"schema":{"@context":"https:\/\/schema.org","@graph":[{"@type":"Article","@id":"https:\/\/www.karaoketexty.cz\/magazin\/jan-revai-odhaluje-svou-temnou-minulost-nez-dostal-druhou-sanci-prosel-dluhy-a-vezenim\/#article","isPartOf":{"@id":"https:\/\/www.karaoketexty.cz\/magazin\/jan-revai-odhaluje-svou-temnou-minulost-nez-dostal-druhou-sanci-prosel-dluhy-a-vezenim\/"},"author":{"name":"Veronika \u0160imkov\u00e1","@id":"https:\/\/www.karaoketexty.cz\/magazin\/#\/schema\/person\/03220d610ed4cba378a72bac3443f821"},"headline":"Jan R\u00e9vai odhaluje svou temnou minulost: Ne\u017e dostal druhou \u0161anci, pro\u0161el dluhy a v\u011bzen\u00edm","datePublished":"2026-04-29T05:26:00+00:00","mainEntityOfPage":{"@id":"https:\/\/www.karaoketexty.cz\/magazin\/jan-revai-odhaluje-svou-temnou-minulost-nez-dostal-druhou-sanci-prosel-dluhy-a-vezenim\/"},"wordCount":510,"commentCount":0,"image":{"@id":"https:\/\/www.karaoketexty.cz\/magazin\/jan-revai-odhaluje-svou-temnou-minulost-nez-dostal-druhou-sanci-prosel-dluhy-a-vezenim\/#primaryimage"},"thumbnailUrl":"https:\/\/www.karaoketexty.cz\/magazin\/wp-content\/uploads\/2026\/04\/jan-revai.jpg","keywords":["\u010desk\u00e1 kinematografie","druh\u00e1 \u0161ance","gambl\u00e9rstv\u00ed","herectv\u00ed","Jan R\u00e9vai","osobn\u00ed p\u0159\u00edb\u011bh","Rebelov\u00e9","tanec","v\u011bzen\u00ed","\u017eivotn\u00ed zlom","Zuzana Norisov\u00e1"],"articleSection":["Celebrity"],"inLanguage":"cs","potentialAction":[{"@type":"CommentAction","name":"Comment","target":["https:\/\/www.karaoketexty.cz\/magazin\/jan-revai-odhaluje-svou-temnou-minulost-nez-dostal-druhou-sanci-prosel-dluhy-a-vezenim\/#respond"]}]},{"@type":"WebPage","@id":"https:\/\/www.karaoketexty.cz\/magazin\/jan-revai-odhaluje-svou-temnou-minulost-nez-dostal-druhou-sanci-prosel-dluhy-a-vezenim\/","url":"https:\/\/www.karaoketexty.cz\/magazin\/jan-revai-odhaluje-svou-temnou-minulost-nez-dostal-druhou-sanci-prosel-dluhy-a-vezenim\/","name":"Jan R\u00e9vai si p\u0159ed sl\u00e1vou pro\u0161el v\u011bzen\u00edm i velk\u00fdm zmatkem","isPartOf":{"@id":"https:\/\/www.karaoketexty.cz\/magazin\/#website"},"primaryImageOfPage":{"@id":"https:\/\/www.karaoketexty.cz\/magazin\/jan-revai-odhaluje-svou-temnou-minulost-nez-dostal-druhou-sanci-prosel-dluhy-a-vezenim\/#primaryimage"},"image":{"@id":"https:\/\/www.karaoketexty.cz\/magazin\/jan-revai-odhaluje-svou-temnou-minulost-nez-dostal-druhou-sanci-prosel-dluhy-a-vezenim\/#primaryimage"},"thumbnailUrl":"https:\/\/www.karaoketexty.cz\/magazin\/wp-content\/uploads\/2026\/04\/jan-revai.jpg","datePublished":"2026-04-29T05:26:00+00:00","author":{"@id":"https:\/\/www.karaoketexty.cz\/magazin\/#\/schema\/person\/03220d610ed4cba378a72bac3443f821"},"description":"Jan R\u00e9vai se p\u0159ed lety zapsal do pam\u011bti div\u00e1k\u016f jako \u0160imon z Rebel\u016f. Je\u0161t\u011b p\u0159ed t\u00edm ale ud\u011blal chybu, kter\u00e1 ho dovedla a\u017e do v\u011bzen\u00ed.","breadcrumb":{"@id":"https:\/\/www.karaoketexty.cz\/magazin\/jan-revai-odhaluje-svou-temnou-minulost-nez-dostal-druhou-sanci-prosel-dluhy-a-vezenim\/#breadcrumb"},"inLanguage":"cs","potentialAction":[{"@type":"ReadAction","target":["https:\/\/www.karaoketexty.cz\/magazin\/jan-revai-odhaluje-svou-temnou-minulost-nez-dostal-druhou-sanci-prosel-dluhy-a-vezenim\/"]}]},{"@type":"ImageObject","inLanguage":"cs","@id":"https:\/\/www.karaoketexty.cz\/magazin\/jan-revai-odhaluje-svou-temnou-minulost-nez-dostal-druhou-sanci-prosel-dluhy-a-vezenim\/#primaryimage","url":"https:\/\/www.karaoketexty.cz\/magazin\/wp-content\/uploads\/2026\/04\/jan-revai.jpg","contentUrl":"https:\/\/www.karaoketexty.cz\/magazin\/wp-content\/uploads\/2026\/04\/jan-revai.jpg","width":1200,"height":675,"caption":"Fotografie: Nextfoto"},{"@type":"BreadcrumbList","@id":"https:\/\/www.karaoketexty.cz\/magazin\/jan-revai-odhaluje-svou-temnou-minulost-nez-dostal-druhou-sanci-prosel-dluhy-a-vezenim\/#breadcrumb","itemListElement":[{"@type":"ListItem","position":1,"name":"Dom\u016f","item":"https:\/\/www.karaoketexty.cz\/magazin\/"},{"@type":"ListItem","position":2,"name":"Jan R\u00e9vai odhaluje svou temnou minulost: Ne\u017e dostal druhou \u0161anci, pro\u0161el dluhy a v\u011bzen\u00edm"}]},{"@type":"WebSite","@id":"https:\/\/www.karaoketexty.cz\/magazin\/#website","url":"https:\/\/www.karaoketexty.cz\/magazin\/","name":"Stars Magaz\u00edn Karaoketexty.cz","description":"Stars Magaz\u00edn na Karaoketexty.cz je zam\u011b\u0159en\u00fd na novinky ze sv\u011bta hudby a celebrit. Obsahuje \u010dl\u00e1nky o zp\u011bv\u00e1c\u00edch, kapel\u00e1ch, nov\u00fdch albech, hudebn\u00edch trendech a dal\u0161\u00edch zaj\u00edmavostech z hudebn\u00edho pr\u016fmyslu.","potentialAction":[{"@type":"SearchAction","target":{"@type":"EntryPoint","urlTemplate":"https:\/\/www.karaoketexty.cz\/magazin\/?s={search_term_string}"},"query-input":{"@type":"PropertyValueSpecification","valueRequired":true,"valueName":"search_term_string"}}],"inLanguage":"cs"},{"@type":"Person","@id":"https:\/\/www.karaoketexty.cz\/magazin\/#\/schema\/person\/03220d610ed4cba378a72bac3443f821","name":"Veronika \u0160imkov\u00e1","image":{"@type":"ImageObject","inLanguage":"cs","@id":"https:\/\/secure.gravatar.com\/avatar\/62af9cda83322200aaf20e60d0442fbca254ce18c0ffdcaaf83de31493c941a5?s=96&d=mm&r=g","url":"https:\/\/secure.gravatar.com\/avatar\/62af9cda83322200aaf20e60d0442fbca254ce18c0ffdcaaf83de31493c941a5?s=96&d=mm&r=g","contentUrl":"https:\/\/secure.gravatar.com\/avatar\/62af9cda83322200aaf20e60d0442fbca254ce18c0ffdcaaf83de31493c941a5?s=96&d=mm&r=g","caption":"Veronika \u0160imkov\u00e1"},"url":"https:\/\/www.karaoketexty.cz\/magazin\/author\/veronikasimkova\/"}]}},"_links":{"self":[{"href":"https:\/\/www.karaoketexty.cz\/magazin\/wp-json\/wp\/v2\/posts\/10442","targetHints":{"allow":["GET"]}}],"collection":[{"href":"https:\/\/www.karaoketexty.cz\/magazin\/wp-json\/wp\/v2\/posts"}],"about":[{"href":"https:\/\/www.karaoketexty.cz\/magazin\/wp-json\/wp\/v2\/types\/post"}],"author":[{"embeddable":true,"href":"https:\/\/www.karaoketexty.cz\/magazin\/wp-json\/wp\/v2\/users\/5"}],"replies":[{"embeddable":true,"href":"https:\/\/www.karaoketexty.cz\/magazin\/wp-json\/wp\/v2\/comments?post=10442"}],"version-history":[{"count":3,"href":"https:\/\/www.karaoketexty.cz\/magazin\/wp-json\/wp\/v2\/posts\/10442\/revisions"}],"predecessor-version":[{"id":10769,"href":"https:\/\/www.karaoketexty.cz\/magazin\/wp-json\/wp\/v2\/posts\/10442\/revisions\/10769"}],"wp:featuredmedia":[{"embeddable":true,"href":"https:\/\/www.karaoketexty.cz\/magazin\/wp-json\/wp\/v2\/media\/10431"}],"wp:attachment":[{"href":"https:\/\/www.karaoketexty.cz\/magazin\/wp-json\/wp\/v2\/media?parent=10442"}],"wp:term":[{"taxonomy":"category","embeddable":true,"href":"https:\/\/www.karaoketexty.cz\/magazin\/wp-json\/wp\/v2\/categories?post=10442"},{"taxonomy":"post_tag","embeddable":true,"href":"https:\/\/www.karaoketexty.cz\/magazin\/wp-json\/wp\/v2\/tags?post=10442"}],"curies":[{"name":"wp","href":"https:\/\/api.w.org\/{rel}","templated":true}]}}