{"id":10024,"date":"2026-04-26T07:40:00","date_gmt":"2026-04-26T05:40:00","guid":{"rendered":"https:\/\/www.karaoketexty.cz\/magazin\/?p=10024"},"modified":"2026-04-25T23:53:07","modified_gmt":"2026-04-25T21:53:07","slug":"vaclav-neckar-zazpival-pisen-od-pink-floyd","status":"publish","type":"post","link":"https:\/\/www.karaoketexty.cz\/magazin\/vaclav-neckar-zazpival-pisen-od-pink-floyd\/","title":{"rendered":"Jak V\u00e1clav Neck\u00e1\u0159 ud\u011blal z Pink Floyd\u016f \u010deskou klasiku: V osmdes\u00e1tk\u00e1ch p\u0159ezp\u00edval jejich nejv\u011bt\u0161\u00ed hit"},"content":{"rendered":"\n<p><strong>Hitovku Another Brick in the Wall od Pink Floyd\u016f bylo mo\u017en\u00e9 sly\u0161et v\u00a0na\u0161ich r\u00e1di\u00edch kr\u00e1tce po uveden\u00ed, i kdy\u017e v\u00a0pod\u00e1n\u00ed V\u00e1clava Neck\u00e1\u0159e.<\/strong><\/p>\n\n\n\n<p>Hudba, kter\u00e1 by se do na\u0161ich kon\u010din jen velmi t\u011b\u017eko \u201epa\u0161ovala\u201c, do \u010desk\u00fdch r\u00e1di\u00ed nakonec vstoupila \u201eleg\u00e1ln\u011b\u201c d\u00edky coververzi V\u00e1clava Neck\u00e1\u0159e. A i p\u0159esto\u017ee jeho text vypov\u00eddal o n\u011b\u010dem \u00fapln\u011b jin\u00e9m ne\u017e origin\u00e1l, rockov\u00fd z\u00e1klad z\u016fstal. Na Karaoketexty jsme se zam\u011b\u0159ili na historii hitu Ze\u010f i jeho p\u0159edch\u016fdce.<\/p>\n\n\n<!-- karaoketexty.cz \/ rectangle2 -->\n<div id=\"PX_37086_709110796310826\"><\/div>\n<script>\n   if(!useMobileAds && !boolUseSeznamAds && !hideAllAds){\n     window.px2 = window.px2 || { conf: {},queue: [] };\n     px2.queue.push(function () {\n        px2.render({\n           slot: {\n              id: 37086\n           },\n            elem: \"PX_37086_709110796310826\"\n        })\n     });\n  }\n<\/script>\n\n<!-- karaoketexty.cz \/ mobile-rectangle3 -->\n<div id=\"PX_37044_714599773297004\"><\/div>\n<script>\n   if(useMobileAds && !boolUseSeznamAds && !hideAllAds){\nwindow.px2 = window.px2 || { conf: {},queue: [] };\npx2.queue.push(function () {\n\tpx2.render({\n\t\tslot: {\n\t\t\tid: 37044\n\t\t},\n\t\telem: \"PX_37044_714599773297004\"\n\t})\n});\n}\n<\/script>\n\n\n<h2 class=\"wp-block-heading\">V&nbsp;po\u0159ad\u00ed 384. nejlep\u0161\u00ed p\u00edse\u0148 v\u0161ech dob<\/h2>\n\n\n\n<p>Byla to revoltuj\u00edc\u00ed p\u00edse\u0148 proti p\u0159\u00edsn\u00e9mu \u0161koln\u00edmu vzd\u011bl\u00e1v\u00e1n\u00ed a t\u011blesn\u00fdm trest\u016fm. Song <em>Another Brick in the Wall<\/em> od skupiny Pink Floyd se ale d\u00edky chytlav\u00e9 melodii a vyu\u017eit\u00ed d\u011btsk\u00fdch hlas\u016f v\u00a0pozad\u00ed okam\u017eit\u011b stala n\u011b\u010d\u00edm mnohem v\u00edc. Zpracov\u00e1n\u00ed t\u00e9matu Rogerem Watersem zkr\u00e1tka bylo tak dobr\u00e9, \u017ee v\u00a0poslucha\u010d\u00edch rezonuje dodnes \u2013 v\u017edy\u0165 podle webu Wikipedie se hit dokonce um\u00edstil v\u00a0\u017eeb\u0159\u00ed\u010dku \u010dasopisu Rolling Stone 500 nejlep\u0161\u00edch p\u00edsn\u00ed v\u0161ech dob!<\/p>\n\n\n\n<p>Nelze se tedy ani moc divit, \u017ee brzy pronikl do mnoha zem\u00ed a vznikly jeho cover verze v&nbsp;cizojazy\u010dn\u00fdch proveden\u00edch. Velmi zaj\u00edmav\u00e1 p\u0159itom byla nejen ta \u201eklasick\u00e1\u201c obdoba od n\u011bmeck\u00e9 skupiny Vierzehn. Hudba skupiny Pink Floyd zaznamenala \u00fasp\u011bch i v&nbsp;Latinsk\u00e9 Americe, vyu\u017e\u00edvaly ji i thajsk\u00e9 rozhlasov\u00e9 po\u0159ady, v&nbsp;Jihoafrick\u00e9 republice ji studenti vyu\u017e\u00edvali jako hymnu p\u0159i protestech. A svou cestu si kr\u00e1tce po vyd\u00e1n\u00ed na\u0161la i do \u010ceskoslovenska, kde se jej\u00edho p\u0159ezp\u00edv\u00e1n\u00ed ujal V\u00e1clav Neck\u00e1\u0159.<\/p>\n\n\n<!-- karaoketexty.cz \/ interscroller1 -->\n\n<div id=\"PX_37041_825057871452834\"><\/div>\n<script>\nif(useMobileAds && !boolUseSeznamAds && !hideAllAds){\n\twindow.px2 = window.px2 || { conf: {},queue: [] };\n\tpx2.queue.push(function () {\n\t\tpx2.render({\n\t\t\tslot: {\n\t\t\t\tid: 37041\n\t\t\t},\n\t\t\telem: \"PX_37041_825057871452834\"\n\t\t})\n\t});\n}\n<\/script>\n\n\n<h2 class=\"wp-block-heading\">Spolupr\u00e1ce bratr\u016f Neck\u00e1\u0159ov\u00fdch<\/h2>\n\n\n\n<p>Podle \u010cesk\u00e9ho rozhlasu ji Neck\u00e1\u0159 pod n\u00e1zvem Ze\u010f dokon\u010dil ani ne rok po tom, co se objevila na desce Pink Floyd\u016f. A to se p\u0159itom muselo stihnout cel\u00e9 \u201ep\u0159ekop\u00e1n\u00ed\u201c textu, nebo\u0165 revolta proti \u0161kolstv\u00ed by v&nbsp;tehdej\u0161\u00ed dob\u011b re\u017eimem nepro\u0161la. Autor textu Michael Prost\u011bjovsk\u00fd tak vsadil na t\u00e9ma sd\u00edlen\u00ed<strong> <\/strong>a ze zdi, kterou Pink Floydi brali jako symbol vnit\u0159n\u00ed izolace \u010dlov\u011bka, ud\u011blal prostor pro spole\u010dn\u00e9 malov\u00e1n\u00ed vzkaz\u016f.<\/p>\n\n\n\n<iframe title=\"Ze\u010f (Another Brick In The Wall Part II)\" width=\"500\" height=\"375\" src=\"https:\/\/www.youtube.com\/embed\/bQpo3oIPoEU?feature=oembed\" frameborder=\"0\" allow=\"accelerometer; autoplay; clipboard-write; encrypted-media; gyroscope; picture-in-picture; web-share\" referrerpolicy=\"strict-origin-when-cross-origin\" allowfullscreen><\/iframe>\n\n\n\n<p>V\u00e1clava Neck\u00e1\u0159e doprov\u00e1zela p\u0159i zp\u011bvu kapela jeho bratra Jana Neck\u00e1\u0159e Bacily.<strong> <\/strong>D\u011btsk\u00fdch vok\u00e1l\u016f se v&nbsp;singlu ujal d\u011btsk\u00fd sbor Bambini di Praga. A spole\u010dn\u00fdmi silami pak vytvo\u0159ili jeden z&nbsp;ikonick\u00fdch singl\u016f.<\/p>\n\n\n\n<p>Zdroje: Autorsk\u00fd text, <a href=\"https:\/\/budejovice.rozhlas.cz\/zed-kapely-pink-floyd-dodnes-patri-mezi-pozoruhodna-dila-ceskou-verzi-brzy-po-8047549\" target=\"_blank\" rel=\"noreferrer noopener nofollow\">\u010cesk\u00fdRozhlas<\/a>, <a href=\"https:\/\/en.wikipedia.org\/wiki\/Another_Brick_in_the_Wall\" target=\"_blank\" rel=\"noreferrer noopener nofollow\">Wikipedie<\/a>, <a href=\"http:\/\/youtube.com\/watch?v=bQpo3oIPoEU&amp;time_continue=2&amp;source_ve_path=NzY3NTg&amp;embeds_referring_euri=https%3A%2F%2Fwww.google.com%2Fsearch%3Fq%3Dyoutube%2Bneck%25C3%25A1%25C5%2599%2Bzed%26sca_esv%3D213abde7ff0037f0%26sxsrf%3DANbL-n6yRbqTBC5AjQkyiqRdW2CRSXxnGQ%253\">YouTube V\u00e1clavNeck\u00e1\u0159-t\u00e9ma<\/a><\/p>\n\n\n            <a href=\"https:\/\/www.karaoketexty.cz\/magazin\/iveta-bartosova-by-slavila-60-jeji-hity-nezmizely-v-srdcich-fanousku-zije-dal\/\" class=\"related-post-link\">\n                <div class=\"post-thumbnail\">\n                    <img decoding=\"async\" width=\"250\" height=\"141\" src=\"https:\/\/www.karaoketexty.cz\/magazin\/wp-content\/uploads\/2026\/03\/Bartosova-Ryhtar.jpg\" class=\"attachment-250x180 size-250x180 not-transparent\" alt=\"Fotografie Ivety Barto\u0161ov\u00e9 a Josefa Rycht\u00e1\u0159e\" srcset=\"https:\/\/www.karaoketexty.cz\/magazin\/wp-content\/uploads\/2026\/03\/Bartosova-Ryhtar.jpg 1200w, https:\/\/www.karaoketexty.cz\/magazin\/wp-content\/uploads\/2026\/03\/Bartosova-Ryhtar-300x169.jpg 300w, https:\/\/www.karaoketexty.cz\/magazin\/wp-content\/uploads\/2026\/03\/Bartosova-Ryhtar-1024x576.jpg 1024w, https:\/\/www.karaoketexty.cz\/magazin\/wp-content\/uploads\/2026\/03\/Bartosova-Ryhtar-768x432.jpg 768w, https:\/\/www.karaoketexty.cz\/magazin\/wp-content\/uploads\/2026\/03\/Bartosova-Ryhtar-800x450.jpg 800w\" sizes=\"(max-width: 250px) 100vw, 250px\" data-has-transparency=\"false\" data-dominant-color=\"796f6c\" style=\"--dominant-color: #796f6c;\" \/>                <\/div>\n                <div class=\"post-details\">\n                    <span class=\"also-read\">\u010ct\u011bte tak\u00e9:<\/span>\n                    <h3 class=\"hed\">Iveta Barto\u0161ov\u00e1 by slavila 60: Jej\u00ed hity nezmizely, v srdc\u00edch fanou\u0161k\u016f \u017eije d\u00e1l<\/h3>\n                <\/div>\n            <\/a>\n            \n\n            <a href=\"https:\/\/www.karaoketexty.cz\/magazin\/zapomenuta-a-zakazana-pisen-vaclava-neckare-dostala-novy-zivot-po-pulstoleti-opet-zni-skvele\/\" class=\"related-post-link\">\n                <div class=\"post-thumbnail\">\n                    <img decoding=\"async\" width=\"250\" height=\"141\" src=\"https:\/\/www.karaoketexty.cz\/magazin\/wp-content\/uploads\/2026\/03\/Vaclav-Neckar.jpg\" class=\"attachment-250x180 size-250x180 not-transparent\" alt=\"Fotografie V\u00e1clava Neck\u00e1\u0159e\" srcset=\"https:\/\/www.karaoketexty.cz\/magazin\/wp-content\/uploads\/2026\/03\/Vaclav-Neckar.jpg 1200w, https:\/\/www.karaoketexty.cz\/magazin\/wp-content\/uploads\/2026\/03\/Vaclav-Neckar-300x169.jpg 300w, https:\/\/www.karaoketexty.cz\/magazin\/wp-content\/uploads\/2026\/03\/Vaclav-Neckar-1024x576.jpg 1024w, https:\/\/www.karaoketexty.cz\/magazin\/wp-content\/uploads\/2026\/03\/Vaclav-Neckar-768x432.jpg 768w, https:\/\/www.karaoketexty.cz\/magazin\/wp-content\/uploads\/2026\/03\/Vaclav-Neckar-800x450.jpg 800w\" sizes=\"(max-width: 250px) 100vw, 250px\" data-has-transparency=\"false\" data-dominant-color=\"353134\" style=\"--dominant-color: #353134;\" \/>                <\/div>\n                <div class=\"post-details\">\n                    <span class=\"also-read\">\u010ct\u011bte tak\u00e9:<\/span>\n                    <h3 class=\"hed\">Zapomenut\u00e1 a zak\u00e1zan\u00e1 p\u00edse\u0148 V\u00e1clava Neck\u00e1\u0159e dostala nov\u00fd \u017eivot: Po p\u016flstolet\u00ed op\u011bt zn\u00ed skv\u011ble<\/h3>\n                <\/div>\n            <\/a>\n            ","protected":false},"excerpt":{"rendered":"<p>Hitovku Another Brick in the Wall od Pink Floyd\u016f bylo mo\u017en\u00e9 sly\u0161et v\u00a0na\u0161ich r\u00e1di\u00edch kr\u00e1tce po uveden\u00ed. I kdy\u017e v\u00a0pod\u00e1n\u00ed V\u00e1clava Neck\u00e1\u0159e.<\/p>\n","protected":false},"author":5,"featured_media":10025,"comment_status":"open","ping_status":"closed","sticky":false,"template":"","format":"standard","meta":{"_yoast_wpseo_title":"V\u00e1clav Neck\u00e1\u0159 a jeho cover verze rockov\u00fdch Pink Floyd\u016f","_yoast_wpseo_metadesc":"P\u00edse\u0148 Another Brick in the Wall znali \u010cechoslov\u00e1ci brzy po vyd\u00e1n\u00ed desky. Rockov\u00e9 t\u00f3ny jim v cover verzi p\u0159inesl V\u00e1clav Neck\u00e1\u0159.","footnotes":""},"categories":[1059],"tags":[7280,7276,7179,7277,571,7020,1037,7278,3489,7279,408,3958],"class_list":["post-10024","post","type-post","status-publish","format-standard","has-post-thumbnail","hentry","category-celebrity","tag-1970s","tag-another-brick-in-the-wall","tag-bacily","tag-bambini-di-praga","tag-ceska-hudba","tag-cover-verze","tag-hudebni-historie","tag-michael-prostejovsky","tag-pink-floyd","tag-revolta","tag-rock","tag-vaclav-neckar"],"yoast_head":"<!-- This site is optimized with the Yoast SEO plugin v27.4 - https:\/\/yoast.com\/product\/yoast-seo-wordpress\/ -->\n<title>V\u00e1clav Neck\u00e1\u0159 a jeho cover verze rockov\u00fdch Pink Floyd\u016f<\/title>\n<meta name=\"description\" content=\"P\u00edse\u0148 Another Brick in the Wall znali \u010cechoslov\u00e1ci brzy po vyd\u00e1n\u00ed desky. Rockov\u00e9 t\u00f3ny jim v cover verzi p\u0159inesl V\u00e1clav Neck\u00e1\u0159.\" \/>\n<meta name=\"robots\" content=\"index, follow, max-snippet:-1, max-image-preview:large, max-video-preview:-1\" \/>\n<link rel=\"canonical\" href=\"https:\/\/www.karaoketexty.cz\/magazin\/vaclav-neckar-zazpival-pisen-od-pink-floyd\/\" \/>\n<meta property=\"og:locale\" content=\"cs_CZ\" \/>\n<meta property=\"og:type\" content=\"article\" \/>\n<meta property=\"og:title\" content=\"V\u00e1clav Neck\u00e1\u0159 a jeho cover verze rockov\u00fdch Pink Floyd\u016f\" \/>\n<meta property=\"og:description\" content=\"P\u00edse\u0148 Another Brick in the Wall znali \u010cechoslov\u00e1ci brzy po vyd\u00e1n\u00ed desky. Rockov\u00e9 t\u00f3ny jim v cover verzi p\u0159inesl V\u00e1clav Neck\u00e1\u0159.\" \/>\n<meta property=\"og:url\" content=\"https:\/\/www.karaoketexty.cz\/magazin\/vaclav-neckar-zazpival-pisen-od-pink-floyd\/\" \/>\n<meta property=\"og:site_name\" content=\"Stars Magaz\u00edn Karaoketexty.cz\" \/>\n<meta property=\"article:published_time\" content=\"2026-04-26T05:40:00+00:00\" \/>\n<meta property=\"og:image\" content=\"https:\/\/www.karaoketexty.cz\/magazin\/wp-content\/uploads\/2026\/04\/vaclav-neckar-jan-neckar.jpg\" \/>\n\t<meta property=\"og:image:width\" content=\"1200\" \/>\n\t<meta property=\"og:image:height\" content=\"871\" \/>\n\t<meta property=\"og:image:type\" content=\"image\/jpeg\" \/>\n<meta name=\"author\" content=\"Veronika \u0160imkov\u00e1\" \/>\n<meta name=\"twitter:card\" content=\"summary_large_image\" \/>\n<meta name=\"twitter:label1\" content=\"Napsal(a)\" \/>\n\t<meta name=\"twitter:data1\" content=\"Veronika \u0160imkov\u00e1\" \/>\n\t<meta name=\"twitter:label2\" content=\"Odhadovan\u00e1 doba \u010dten\u00ed\" \/>\n\t<meta name=\"twitter:data2\" content=\"3 minuty\" \/>\n<script type=\"application\/ld+json\" class=\"yoast-schema-graph\">{\"@context\":\"https:\\\/\\\/schema.org\",\"@graph\":[{\"@type\":\"Article\",\"@id\":\"https:\\\/\\\/www.karaoketexty.cz\\\/magazin\\\/vaclav-neckar-zazpival-pisen-od-pink-floyd\\\/#article\",\"isPartOf\":{\"@id\":\"https:\\\/\\\/www.karaoketexty.cz\\\/magazin\\\/vaclav-neckar-zazpival-pisen-od-pink-floyd\\\/\"},\"author\":{\"name\":\"Veronika \u0160imkov\u00e1\",\"@id\":\"https:\\\/\\\/www.karaoketexty.cz\\\/magazin\\\/#\\\/schema\\\/person\\\/03220d610ed4cba378a72bac3443f821\"},\"headline\":\"Jak V\u00e1clav Neck\u00e1\u0159 ud\u011blal z Pink Floyd\u016f \u010deskou klasiku: V osmdes\u00e1tk\u00e1ch p\u0159ezp\u00edval jejich nejv\u011bt\u0161\u00ed hit\",\"datePublished\":\"2026-04-26T05:40:00+00:00\",\"mainEntityOfPage\":{\"@id\":\"https:\\\/\\\/www.karaoketexty.cz\\\/magazin\\\/vaclav-neckar-zazpival-pisen-od-pink-floyd\\\/\"},\"wordCount\":483,\"commentCount\":0,\"image\":{\"@id\":\"https:\\\/\\\/www.karaoketexty.cz\\\/magazin\\\/vaclav-neckar-zazpival-pisen-od-pink-floyd\\\/#primaryimage\"},\"thumbnailUrl\":\"https:\\\/\\\/www.karaoketexty.cz\\\/magazin\\\/wp-content\\\/uploads\\\/2026\\\/04\\\/vaclav-neckar-jan-neckar.jpg\",\"keywords\":[\"1970s\",\"Another Brick in the Wall\",\"Bacily\",\"Bambini di Praga\",\"\u010desk\u00e1 hudba\",\"cover verze\",\"hudebn\u00ed historie\",\"Michael Prost\u011bjovsk\u00fd\",\"Pink Floyd\",\"revolta\",\"rock\",\"V\u00e1clav Neck\u00e1\u0159\"],\"articleSection\":[\"Celebrity\"],\"inLanguage\":\"cs\",\"potentialAction\":[{\"@type\":\"CommentAction\",\"name\":\"Comment\",\"target\":[\"https:\\\/\\\/www.karaoketexty.cz\\\/magazin\\\/vaclav-neckar-zazpival-pisen-od-pink-floyd\\\/#respond\"]}]},{\"@type\":\"WebPage\",\"@id\":\"https:\\\/\\\/www.karaoketexty.cz\\\/magazin\\\/vaclav-neckar-zazpival-pisen-od-pink-floyd\\\/\",\"url\":\"https:\\\/\\\/www.karaoketexty.cz\\\/magazin\\\/vaclav-neckar-zazpival-pisen-od-pink-floyd\\\/\",\"name\":\"V\u00e1clav Neck\u00e1\u0159 a jeho cover verze rockov\u00fdch Pink Floyd\u016f\",\"isPartOf\":{\"@id\":\"https:\\\/\\\/www.karaoketexty.cz\\\/magazin\\\/#website\"},\"primaryImageOfPage\":{\"@id\":\"https:\\\/\\\/www.karaoketexty.cz\\\/magazin\\\/vaclav-neckar-zazpival-pisen-od-pink-floyd\\\/#primaryimage\"},\"image\":{\"@id\":\"https:\\\/\\\/www.karaoketexty.cz\\\/magazin\\\/vaclav-neckar-zazpival-pisen-od-pink-floyd\\\/#primaryimage\"},\"thumbnailUrl\":\"https:\\\/\\\/www.karaoketexty.cz\\\/magazin\\\/wp-content\\\/uploads\\\/2026\\\/04\\\/vaclav-neckar-jan-neckar.jpg\",\"datePublished\":\"2026-04-26T05:40:00+00:00\",\"author\":{\"@id\":\"https:\\\/\\\/www.karaoketexty.cz\\\/magazin\\\/#\\\/schema\\\/person\\\/03220d610ed4cba378a72bac3443f821\"},\"description\":\"P\u00edse\u0148 Another Brick in the Wall znali \u010cechoslov\u00e1ci brzy po vyd\u00e1n\u00ed desky. Rockov\u00e9 t\u00f3ny jim v cover verzi p\u0159inesl V\u00e1clav Neck\u00e1\u0159.\",\"breadcrumb\":{\"@id\":\"https:\\\/\\\/www.karaoketexty.cz\\\/magazin\\\/vaclav-neckar-zazpival-pisen-od-pink-floyd\\\/#breadcrumb\"},\"inLanguage\":\"cs\",\"potentialAction\":[{\"@type\":\"ReadAction\",\"target\":[\"https:\\\/\\\/www.karaoketexty.cz\\\/magazin\\\/vaclav-neckar-zazpival-pisen-od-pink-floyd\\\/\"]}]},{\"@type\":\"ImageObject\",\"inLanguage\":\"cs\",\"@id\":\"https:\\\/\\\/www.karaoketexty.cz\\\/magazin\\\/vaclav-neckar-zazpival-pisen-od-pink-floyd\\\/#primaryimage\",\"url\":\"https:\\\/\\\/www.karaoketexty.cz\\\/magazin\\\/wp-content\\\/uploads\\\/2026\\\/04\\\/vaclav-neckar-jan-neckar.jpg\",\"contentUrl\":\"https:\\\/\\\/www.karaoketexty.cz\\\/magazin\\\/wp-content\\\/uploads\\\/2026\\\/04\\\/vaclav-neckar-jan-neckar.jpg\",\"width\":1200,\"height\":871,\"caption\":\"Foto: NextFoto, Videoklip P\u00edse\u0148 pro mne m\u011bl 1. 4. 2026 premi\u00e9ru v pra\u017esk\u00e9m kin\u011b MAT.\"},{\"@type\":\"BreadcrumbList\",\"@id\":\"https:\\\/\\\/www.karaoketexty.cz\\\/magazin\\\/vaclav-neckar-zazpival-pisen-od-pink-floyd\\\/#breadcrumb\",\"itemListElement\":[{\"@type\":\"ListItem\",\"position\":1,\"name\":\"Dom\u016f\",\"item\":\"https:\\\/\\\/www.karaoketexty.cz\\\/magazin\\\/\"},{\"@type\":\"ListItem\",\"position\":2,\"name\":\"Jak V\u00e1clav Neck\u00e1\u0159 ud\u011blal z Pink Floyd\u016f \u010deskou klasiku: V osmdes\u00e1tk\u00e1ch p\u0159ezp\u00edval jejich nejv\u011bt\u0161\u00ed hit\"}]},{\"@type\":\"WebSite\",\"@id\":\"https:\\\/\\\/www.karaoketexty.cz\\\/magazin\\\/#website\",\"url\":\"https:\\\/\\\/www.karaoketexty.cz\\\/magazin\\\/\",\"name\":\"Stars Magaz\u00edn Karaoketexty.cz\",\"description\":\"Stars Magaz\u00edn na Karaoketexty.cz je zam\u011b\u0159en\u00fd na novinky ze sv\u011bta hudby a celebrit. Obsahuje \u010dl\u00e1nky o zp\u011bv\u00e1c\u00edch, kapel\u00e1ch, nov\u00fdch albech, hudebn\u00edch trendech a dal\u0161\u00edch zaj\u00edmavostech z hudebn\u00edho pr\u016fmyslu.\",\"potentialAction\":[{\"@type\":\"SearchAction\",\"target\":{\"@type\":\"EntryPoint\",\"urlTemplate\":\"https:\\\/\\\/www.karaoketexty.cz\\\/magazin\\\/?s={search_term_string}\"},\"query-input\":{\"@type\":\"PropertyValueSpecification\",\"valueRequired\":true,\"valueName\":\"search_term_string\"}}],\"inLanguage\":\"cs\"},{\"@type\":\"Person\",\"@id\":\"https:\\\/\\\/www.karaoketexty.cz\\\/magazin\\\/#\\\/schema\\\/person\\\/03220d610ed4cba378a72bac3443f821\",\"name\":\"Veronika \u0160imkov\u00e1\",\"image\":{\"@type\":\"ImageObject\",\"inLanguage\":\"cs\",\"@id\":\"https:\\\/\\\/secure.gravatar.com\\\/avatar\\\/62af9cda83322200aaf20e60d0442fbca254ce18c0ffdcaaf83de31493c941a5?s=96&d=mm&r=g\",\"url\":\"https:\\\/\\\/secure.gravatar.com\\\/avatar\\\/62af9cda83322200aaf20e60d0442fbca254ce18c0ffdcaaf83de31493c941a5?s=96&d=mm&r=g\",\"contentUrl\":\"https:\\\/\\\/secure.gravatar.com\\\/avatar\\\/62af9cda83322200aaf20e60d0442fbca254ce18c0ffdcaaf83de31493c941a5?s=96&d=mm&r=g\",\"caption\":\"Veronika \u0160imkov\u00e1\"},\"url\":\"https:\\\/\\\/www.karaoketexty.cz\\\/magazin\\\/author\\\/veronikasimkova\\\/\"}]}<\/script>\n<!-- \/ Yoast SEO plugin. -->","yoast_head_json":{"title":"V\u00e1clav Neck\u00e1\u0159 a jeho cover verze rockov\u00fdch Pink Floyd\u016f","description":"P\u00edse\u0148 Another Brick in the Wall znali \u010cechoslov\u00e1ci brzy po vyd\u00e1n\u00ed desky. Rockov\u00e9 t\u00f3ny jim v cover verzi p\u0159inesl V\u00e1clav Neck\u00e1\u0159.","robots":{"index":"index","follow":"follow","max-snippet":"max-snippet:-1","max-image-preview":"max-image-preview:large","max-video-preview":"max-video-preview:-1"},"canonical":"https:\/\/www.karaoketexty.cz\/magazin\/vaclav-neckar-zazpival-pisen-od-pink-floyd\/","og_locale":"cs_CZ","og_type":"article","og_title":"V\u00e1clav Neck\u00e1\u0159 a jeho cover verze rockov\u00fdch Pink Floyd\u016f","og_description":"P\u00edse\u0148 Another Brick in the Wall znali \u010cechoslov\u00e1ci brzy po vyd\u00e1n\u00ed desky. Rockov\u00e9 t\u00f3ny jim v cover verzi p\u0159inesl V\u00e1clav Neck\u00e1\u0159.","og_url":"https:\/\/www.karaoketexty.cz\/magazin\/vaclav-neckar-zazpival-pisen-od-pink-floyd\/","og_site_name":"Stars Magaz\u00edn Karaoketexty.cz","article_published_time":"2026-04-26T05:40:00+00:00","og_image":[{"width":1200,"height":871,"url":"https:\/\/www.karaoketexty.cz\/magazin\/wp-content\/uploads\/2026\/04\/vaclav-neckar-jan-neckar.jpg","type":"image\/jpeg"}],"author":"Veronika \u0160imkov\u00e1","twitter_card":"summary_large_image","twitter_misc":{"Napsal(a)":"Veronika \u0160imkov\u00e1","Odhadovan\u00e1 doba \u010dten\u00ed":"3 minuty"},"schema":{"@context":"https:\/\/schema.org","@graph":[{"@type":"Article","@id":"https:\/\/www.karaoketexty.cz\/magazin\/vaclav-neckar-zazpival-pisen-od-pink-floyd\/#article","isPartOf":{"@id":"https:\/\/www.karaoketexty.cz\/magazin\/vaclav-neckar-zazpival-pisen-od-pink-floyd\/"},"author":{"name":"Veronika \u0160imkov\u00e1","@id":"https:\/\/www.karaoketexty.cz\/magazin\/#\/schema\/person\/03220d610ed4cba378a72bac3443f821"},"headline":"Jak V\u00e1clav Neck\u00e1\u0159 ud\u011blal z Pink Floyd\u016f \u010deskou klasiku: V osmdes\u00e1tk\u00e1ch p\u0159ezp\u00edval jejich nejv\u011bt\u0161\u00ed hit","datePublished":"2026-04-26T05:40:00+00:00","mainEntityOfPage":{"@id":"https:\/\/www.karaoketexty.cz\/magazin\/vaclav-neckar-zazpival-pisen-od-pink-floyd\/"},"wordCount":483,"commentCount":0,"image":{"@id":"https:\/\/www.karaoketexty.cz\/magazin\/vaclav-neckar-zazpival-pisen-od-pink-floyd\/#primaryimage"},"thumbnailUrl":"https:\/\/www.karaoketexty.cz\/magazin\/wp-content\/uploads\/2026\/04\/vaclav-neckar-jan-neckar.jpg","keywords":["1970s","Another Brick in the Wall","Bacily","Bambini di Praga","\u010desk\u00e1 hudba","cover verze","hudebn\u00ed historie","Michael Prost\u011bjovsk\u00fd","Pink Floyd","revolta","rock","V\u00e1clav Neck\u00e1\u0159"],"articleSection":["Celebrity"],"inLanguage":"cs","potentialAction":[{"@type":"CommentAction","name":"Comment","target":["https:\/\/www.karaoketexty.cz\/magazin\/vaclav-neckar-zazpival-pisen-od-pink-floyd\/#respond"]}]},{"@type":"WebPage","@id":"https:\/\/www.karaoketexty.cz\/magazin\/vaclav-neckar-zazpival-pisen-od-pink-floyd\/","url":"https:\/\/www.karaoketexty.cz\/magazin\/vaclav-neckar-zazpival-pisen-od-pink-floyd\/","name":"V\u00e1clav Neck\u00e1\u0159 a jeho cover verze rockov\u00fdch Pink Floyd\u016f","isPartOf":{"@id":"https:\/\/www.karaoketexty.cz\/magazin\/#website"},"primaryImageOfPage":{"@id":"https:\/\/www.karaoketexty.cz\/magazin\/vaclav-neckar-zazpival-pisen-od-pink-floyd\/#primaryimage"},"image":{"@id":"https:\/\/www.karaoketexty.cz\/magazin\/vaclav-neckar-zazpival-pisen-od-pink-floyd\/#primaryimage"},"thumbnailUrl":"https:\/\/www.karaoketexty.cz\/magazin\/wp-content\/uploads\/2026\/04\/vaclav-neckar-jan-neckar.jpg","datePublished":"2026-04-26T05:40:00+00:00","author":{"@id":"https:\/\/www.karaoketexty.cz\/magazin\/#\/schema\/person\/03220d610ed4cba378a72bac3443f821"},"description":"P\u00edse\u0148 Another Brick in the Wall znali \u010cechoslov\u00e1ci brzy po vyd\u00e1n\u00ed desky. Rockov\u00e9 t\u00f3ny jim v cover verzi p\u0159inesl V\u00e1clav Neck\u00e1\u0159.","breadcrumb":{"@id":"https:\/\/www.karaoketexty.cz\/magazin\/vaclav-neckar-zazpival-pisen-od-pink-floyd\/#breadcrumb"},"inLanguage":"cs","potentialAction":[{"@type":"ReadAction","target":["https:\/\/www.karaoketexty.cz\/magazin\/vaclav-neckar-zazpival-pisen-od-pink-floyd\/"]}]},{"@type":"ImageObject","inLanguage":"cs","@id":"https:\/\/www.karaoketexty.cz\/magazin\/vaclav-neckar-zazpival-pisen-od-pink-floyd\/#primaryimage","url":"https:\/\/www.karaoketexty.cz\/magazin\/wp-content\/uploads\/2026\/04\/vaclav-neckar-jan-neckar.jpg","contentUrl":"https:\/\/www.karaoketexty.cz\/magazin\/wp-content\/uploads\/2026\/04\/vaclav-neckar-jan-neckar.jpg","width":1200,"height":871,"caption":"Foto: NextFoto, Videoklip P\u00edse\u0148 pro mne m\u011bl 1. 4. 2026 premi\u00e9ru v pra\u017esk\u00e9m kin\u011b MAT."},{"@type":"BreadcrumbList","@id":"https:\/\/www.karaoketexty.cz\/magazin\/vaclav-neckar-zazpival-pisen-od-pink-floyd\/#breadcrumb","itemListElement":[{"@type":"ListItem","position":1,"name":"Dom\u016f","item":"https:\/\/www.karaoketexty.cz\/magazin\/"},{"@type":"ListItem","position":2,"name":"Jak V\u00e1clav Neck\u00e1\u0159 ud\u011blal z Pink Floyd\u016f \u010deskou klasiku: V osmdes\u00e1tk\u00e1ch p\u0159ezp\u00edval jejich nejv\u011bt\u0161\u00ed hit"}]},{"@type":"WebSite","@id":"https:\/\/www.karaoketexty.cz\/magazin\/#website","url":"https:\/\/www.karaoketexty.cz\/magazin\/","name":"Stars Magaz\u00edn Karaoketexty.cz","description":"Stars Magaz\u00edn na Karaoketexty.cz je zam\u011b\u0159en\u00fd na novinky ze sv\u011bta hudby a celebrit. Obsahuje \u010dl\u00e1nky o zp\u011bv\u00e1c\u00edch, kapel\u00e1ch, nov\u00fdch albech, hudebn\u00edch trendech a dal\u0161\u00edch zaj\u00edmavostech z hudebn\u00edho pr\u016fmyslu.","potentialAction":[{"@type":"SearchAction","target":{"@type":"EntryPoint","urlTemplate":"https:\/\/www.karaoketexty.cz\/magazin\/?s={search_term_string}"},"query-input":{"@type":"PropertyValueSpecification","valueRequired":true,"valueName":"search_term_string"}}],"inLanguage":"cs"},{"@type":"Person","@id":"https:\/\/www.karaoketexty.cz\/magazin\/#\/schema\/person\/03220d610ed4cba378a72bac3443f821","name":"Veronika \u0160imkov\u00e1","image":{"@type":"ImageObject","inLanguage":"cs","@id":"https:\/\/secure.gravatar.com\/avatar\/62af9cda83322200aaf20e60d0442fbca254ce18c0ffdcaaf83de31493c941a5?s=96&d=mm&r=g","url":"https:\/\/secure.gravatar.com\/avatar\/62af9cda83322200aaf20e60d0442fbca254ce18c0ffdcaaf83de31493c941a5?s=96&d=mm&r=g","contentUrl":"https:\/\/secure.gravatar.com\/avatar\/62af9cda83322200aaf20e60d0442fbca254ce18c0ffdcaaf83de31493c941a5?s=96&d=mm&r=g","caption":"Veronika \u0160imkov\u00e1"},"url":"https:\/\/www.karaoketexty.cz\/magazin\/author\/veronikasimkova\/"}]}},"_links":{"self":[{"href":"https:\/\/www.karaoketexty.cz\/magazin\/wp-json\/wp\/v2\/posts\/10024","targetHints":{"allow":["GET"]}}],"collection":[{"href":"https:\/\/www.karaoketexty.cz\/magazin\/wp-json\/wp\/v2\/posts"}],"about":[{"href":"https:\/\/www.karaoketexty.cz\/magazin\/wp-json\/wp\/v2\/types\/post"}],"author":[{"embeddable":true,"href":"https:\/\/www.karaoketexty.cz\/magazin\/wp-json\/wp\/v2\/users\/5"}],"replies":[{"embeddable":true,"href":"https:\/\/www.karaoketexty.cz\/magazin\/wp-json\/wp\/v2\/comments?post=10024"}],"version-history":[{"count":4,"href":"https:\/\/www.karaoketexty.cz\/magazin\/wp-json\/wp\/v2\/posts\/10024\/revisions"}],"predecessor-version":[{"id":10686,"href":"https:\/\/www.karaoketexty.cz\/magazin\/wp-json\/wp\/v2\/posts\/10024\/revisions\/10686"}],"wp:featuredmedia":[{"embeddable":true,"href":"https:\/\/www.karaoketexty.cz\/magazin\/wp-json\/wp\/v2\/media\/10025"}],"wp:attachment":[{"href":"https:\/\/www.karaoketexty.cz\/magazin\/wp-json\/wp\/v2\/media?parent=10024"}],"wp:term":[{"taxonomy":"category","embeddable":true,"href":"https:\/\/www.karaoketexty.cz\/magazin\/wp-json\/wp\/v2\/categories?post=10024"},{"taxonomy":"post_tag","embeddable":true,"href":"https:\/\/www.karaoketexty.cz\/magazin\/wp-json\/wp\/v2\/tags?post=10024"}],"curies":[{"name":"wp","href":"https:\/\/api.w.org\/{rel}","templated":true}]}}